
{"id":39974,"date":"2026-09-01T18:32:11","date_gmt":"2026-09-01T23:32:11","guid":{"rendered":"https:\/\/esperanzaunited.org\/?p=39974"},"modified":"2026-09-01T18:32:21","modified_gmt":"2026-09-01T23:32:21","slug":"feria-de-recursos-de-apoyo-familiar-caminando-juntos-hacia-el-exito-escolar","status":"publish","type":"post","link":"https:\/\/esperanzaunited.org\/es\/feria-de-recursos-de-apoyo-familiar-caminando-juntos-hacia-el-exito-escolar\/","title":{"rendered":"Feria de Recursos de Apoyo Familiar,\u00a0Caminando Juntos hacia el \u00c9xito Escolar"},"content":{"rendered":"\t\t<div data-elementor-type=\"wp-post\" data-elementor-id=\"39974\" class=\"elementor elementor-39974\">\n\t\t\t\t\t\t<section class=\"elementor-section elementor-top-section elementor-element elementor-element-18e6070 elementor-section-boxed elementor-section-height-default elementor-section-height-default\" data-id=\"18e6070\" data-element_type=\"section\" data-e-type=\"section\">\n\t\t\t\t\t\t<div class=\"elementor-container elementor-column-gap-default\">\n\t\t\t\t\t<div class=\"elementor-column elementor-col-100 elementor-top-column elementor-element elementor-element-b1c43b2\" data-id=\"b1c43b2\" data-element_type=\"column\" data-e-type=\"column\">\n\t\t\t<div class=\"elementor-widget-wrap elementor-element-populated\">\n\t\t\t\t\t\t<div class=\"elementor-element elementor-element-b3f6416 elementor-widget elementor-widget-text-editor\" data-id=\"b3f6416\" data-element_type=\"widget\" data-e-type=\"widget\" data-widget_type=\"text-editor.default\">\n\t\t\t\t<div class=\"elementor-widget-container\">\n\t\t\t\t\t\t\t\t\t<p><span data-contrast=\"none\">El 15 de agosto, nuestro equipo local recibi\u00f3 a 31 familias y sus hijas e hijos en nuestra primera Feria de Recursos de Apoyo Familiar,\u00a0<\/span><i><span data-contrast=\"none\">Caminando Juntos hacia el \u00c9xito Escolar<\/span><\/i><span data-contrast=\"none\">, en St. Paul, Minnesota.<\/span><span data-ccp-props=\"{&quot;134233117&quot;:false,&quot;134233118&quot;:false,&quot;335551550&quot;:0,&quot;335551620&quot;:0,&quot;335559738&quot;:240,&quot;335559739&quot;:240}\">\u00a0<\/span><\/p><p><span data-contrast=\"none\">Este encuentro privado y especial fue creado espec\u00edficamente para sobrevivientes de violencia dom\u00e9stica y sus familias que tienen una conexi\u00f3n con Esperanza United a trav\u00e9s de nuestras diferentes iniciativas, incluyendo el Refugio, Apoyo Comunitario y Vivienda Transicional. El evento ofreci\u00f3 un espacio acogedor y de apoyo donde las familias pudieron prepararse para el nuevo a\u00f1o escolar y conectarse con organizaciones comunitarias que compartieron informaci\u00f3n sobre sus servicios, programas y recursos.<\/span><span data-ccp-props=\"{&quot;134233117&quot;:false,&quot;134233118&quot;:false,&quot;335551550&quot;:0,&quot;335551620&quot;:0,&quot;335559738&quot;:240,&quot;335559739&quot;:240}\">\u00a0<\/span><\/p><p><span data-contrast=\"none\">A lo largo del d\u00eda, las familias tuvieron la oportunidad de hacer preguntas, conversar con organizaciones comunitarias, compartir una comida y disfrutar de tiempo juntas. Si bien la informaci\u00f3n y los recursos fueron una parte importante de la feria, algo hizo que el encuentro fuera a\u00fan m\u00e1s especial: el sentido de confianza, conexi\u00f3n y comunidad que fue creciendo a lo largo del d\u00eda.<\/span><span data-ccp-props=\"{&quot;134233117&quot;:false,&quot;134233118&quot;:false,&quot;335551550&quot;:0,&quot;335551620&quot;:0,&quot;335559738&quot;:240,&quot;335559739&quot;:240}\">\u00a0<\/span><\/p><p><span data-contrast=\"none\">Reunir a las familias en un espacio pensado para ellas ayud\u00f3 a fortalecer v\u00ednculos y a crear un ambiente donde pudieran sentirse bienvenidas, valoradas y parte de una comunidad.<\/span><span data-ccp-props=\"{&quot;134233117&quot;:false,&quot;134233118&quot;:false,&quot;335551550&quot;:0,&quot;335551620&quot;:0,&quot;335559738&quot;:240,&quot;335559739&quot;:240}\">\u00a0<\/span><\/p><p><span data-contrast=\"none\">Para algunas familias, el simple hecho de llegar hasta all\u00ed implicaba superar barreras.<\/span><span data-ccp-props=\"{&quot;134233117&quot;:false,&quot;134233118&quot;:false,&quot;335551550&quot;:0,&quot;335551620&quot;:0,&quot;335559738&quot;:240,&quot;335559739&quot;:240}\">\u00a0<\/span><\/p><p><span data-contrast=\"none\">El transporte y el cuidado infantil pueden dificultar la participaci\u00f3n en eventos comunitarios. Para hacer la feria m\u00e1s accesible, ofrecimos cuidado infantil en el lugar y vales de Uber para quienes necesitaban apoyo con el transporte. Estas opciones ayudaron a reducir algunas de las barreras para participar y permitieron que m\u00e1s familias pudieran asistir, conectarse con los recursos disponibles y disfrutar plenamente del encuentro.<\/span><span data-ccp-props=\"{&quot;134233117&quot;:false,&quot;134233118&quot;:false,&quot;335551550&quot;:0,&quot;335551620&quot;:0,&quot;335559738&quot;:240,&quot;335559739&quot;:240}\">\u00a0<\/span><\/p><p><span data-contrast=\"none\">Una vez all\u00ed, las familias encontraron un espacio intencionalmente \u00edntimo y acogedor. Debido a que la feria fue dise\u00f1ada espec\u00edficamente para familias vinculadas a nuestros programas, las personas participantes pudieron relacionarse de manera natural, conversar abiertamente con nuestro personal y las organizaciones comunitarias, y hacer preguntas en un ambiente donde pod\u00edan sentirse seguras y c\u00f3modas.<\/span><span data-ccp-props=\"{&quot;134233117&quot;:false,&quot;134233118&quot;:false,&quot;335551550&quot;:0,&quot;335551620&quot;:0,&quot;335559738&quot;:240,&quot;335559739&quot;:240}\">\u00a0<\/span><\/p><p aria-level=\"2\"><b><span data-contrast=\"none\">Recursos en un solo lugar<\/span><\/b><span data-ccp-props=\"{&quot;134233117&quot;:false,&quot;134233118&quot;:false,&quot;134245418&quot;:true,&quot;134245529&quot;:true,&quot;335551550&quot;:0,&quot;335551620&quot;:0,&quot;335559738&quot;:299,&quot;335559739&quot;:299}\">\u00a0<\/span><\/p><p><span data-contrast=\"none\">Ocho organizaciones comunitarias participaron en la feria para compartir informaci\u00f3n, servicios y recursos relacionados con educaci\u00f3n, salud, inmigraci\u00f3n, apoyo legal, bienestar familiar y mucho m\u00e1s.<\/span><span data-ccp-props=\"{&quot;134233117&quot;:false,&quot;134233118&quot;:false,&quot;335551550&quot;:0,&quot;335551620&quot;:0,&quot;335559738&quot;:240,&quot;335559739&quot;:240}\">\u00a0<\/span><\/p><p><span data-contrast=\"none\">Entre las organizaciones participantes estuvieron Southern Minnesota Regional Legal Services (SMRLS), Immigrant Law Center of Minnesota (ILCM), International Institute of Minnesota (IIMN), Neighborhood Development Alliance (NeDA), Hispanic Advocacy and Community Empowerment Through Research (HACER), St. Mary\u2019s Health Clinics, Riverland Community Health y el Consulado de M\u00e9xico.<\/span><span data-ccp-props=\"{&quot;134233117&quot;:false,&quot;134233118&quot;:false,&quot;335551550&quot;:0,&quot;335551620&quot;:0,&quot;335559738&quot;:240,&quot;335559739&quot;:240}\">\u00a0<\/span><\/p><p><span data-contrast=\"none\">Otros aliados comunitarios, incluyendo National Alliance on Mental Illness (NAMI) y Think Small, tambi\u00e9n apoyaron el evento proporcionando materiales impresos e informaci\u00f3n para que las familias pudieran llevar a casa.<\/span><span data-ccp-props=\"{&quot;134233117&quot;:false,&quot;134233118&quot;:false,&quot;335551550&quot;:0,&quot;335551620&quot;:0,&quot;335559738&quot;:240,&quot;335559739&quot;:240}\">\u00a0<\/span><\/p><p><span data-contrast=\"none\">Juntas, estas organizaciones ayudaron a crear un espacio lleno de recursos donde las familias pudieron conocer diferentes servicios, hacer preguntas y establecer conexiones con organizaciones que pueden continuar apoy\u00e1ndolas m\u00e1s all\u00e1 de este encuentro.<\/span><span data-ccp-props=\"{&quot;134233117&quot;:false,&quot;134233118&quot;:false,&quot;335551550&quot;:0,&quot;335551620&quot;:0,&quot;335559738&quot;:240,&quot;335559739&quot;:240}\">\u00a0<\/span><\/p><p><span data-contrast=\"none\">Una participante comparti\u00f3 lo valioso que fue poder hablar directamente con una persona del equipo de Immigrant Law Center of Minnesota y recibir en ese mismo momento informaci\u00f3n sobre c\u00f3mo acceder a sus servicios.<\/span><span data-ccp-props=\"{&quot;134233117&quot;:false,&quot;134233118&quot;:false,&quot;335551550&quot;:0,&quot;335551620&quot;:0,&quot;335559738&quot;:240,&quot;335559739&quot;:240}\">\u00a0<\/span><\/p><p><span data-contrast=\"none\">Los aliados comunitarios tambi\u00e9n destacaron el gran inter\u00e9s de las familias por conocer m\u00e1s sobre el acceso a la universidad y las diferentes oportunidades educativas disponibles para sus hijas e hijos.<\/span><span data-ccp-props=\"{&quot;134233117&quot;:false,&quot;134233118&quot;:false,&quot;335551550&quot;:0,&quot;335551620&quot;:0,&quot;335559738&quot;:240,&quot;335559739&quot;:240}\">\u00a0<\/span><\/p><p><span data-contrast=\"none\">Otra participante inicialmente dud\u00f3 en asistir porque pensaba que la feria estaba dirigida \u00fanicamente a familias con ni\u00f1as y ni\u00f1os. Finalmente decidi\u00f3 participar y se alegr\u00f3 de haberlo hecho. Disfrut\u00f3 conocer nuevas personas, salir de su rutina habitual y compartir una comida con otras personas.<\/span><span data-ccp-props=\"{&quot;134233117&quot;:false,&quot;134233118&quot;:false,&quot;335551550&quot;:0,&quot;335551620&quot;:0,&quot;335559738&quot;:240,&quot;335559739&quot;:240}\">\u00a0<\/span><\/p><p><span data-contrast=\"none\">Estos momentos reflejan una parte importante de lo que ocurri\u00f3 ese d\u00eda: las personas participantes no estaban simplemente recibiendo informaci\u00f3n. Estaban haciendo preguntas, creando conexiones e identificando recursos que pueden contribuir a las metas que tienen para ellas mismas y sus familias.<\/span><span data-ccp-props=\"{&quot;134233117&quot;:false,&quot;134233118&quot;:false,&quot;335551550&quot;:0,&quot;335551620&quot;:0,&quot;335559738&quot;:240,&quot;335559739&quot;:240}\">\u00a0<\/span><\/p><p aria-level=\"2\"><b><span data-contrast=\"none\">Prepar\u00e1ndose para el a\u00f1o escolar con apoyo concreto<\/span><\/b><span data-ccp-props=\"{&quot;134233117&quot;:false,&quot;134233118&quot;:false,&quot;134245418&quot;:true,&quot;134245529&quot;:true,&quot;335551550&quot;:0,&quot;335551620&quot;:0,&quot;335559738&quot;:299,&quot;335559739&quot;:299}\">\u00a0<\/span><\/p><p><span data-contrast=\"none\">Las familias tambi\u00e9n se llevaron recursos pr\u00e1cticos para los pr\u00f3ximos meses.<\/span><span data-ccp-props=\"{&quot;134233117&quot;:false,&quot;134233118&quot;:false,&quot;335551550&quot;:0,&quot;335551620&quot;:0,&quot;335559738&quot;:240,&quot;335559739&quot;:240}\">\u00a0<\/span><\/p><p><span data-contrast=\"none\">Las ni\u00f1as y los ni\u00f1os recibieron mochilas con \u00fatiles escolares y chaquetas nuevas, mientras que las familias tuvieron acceso a productos de higiene, pa\u00f1ales, tarjetas de regalo y otros art\u00edculos esenciales.<\/span><span data-ccp-props=\"{&quot;134233117&quot;:false,&quot;134233118&quot;:false,&quot;335551550&quot;:0,&quot;335551620&quot;:0,&quot;335559738&quot;:240,&quot;335559739&quot;:240}\">\u00a0<\/span><\/p><p><span data-contrast=\"none\">Para nuestro equipo, uno de los momentos m\u00e1s especiales del d\u00eda fue ver la emoci\u00f3n de las ni\u00f1as y los ni\u00f1os al recibir sus mochilas y \u00fatiles escolares.<\/span><span data-ccp-props=\"{&quot;134233117&quot;:false,&quot;134233118&quot;:false,&quot;335551550&quot;:0,&quot;335551620&quot;:0,&quot;335559738&quot;:240,&quot;335559739&quot;:240}\">\u00a0<\/span><\/p><p><span data-contrast=\"none\">Estos recursos fueron posibles gracias a nuestras relaciones con aliados comunitarios, incluyendo United Way e iglesias locales, as\u00ed como al apoyo de fondos flexibles de fundaciones que permiten que nuestro equipo de Apoyo Familiar responda directamente a las necesidades de las personas participantes.<\/span><span data-ccp-props=\"{&quot;134233117&quot;:false,&quot;134233118&quot;:false,&quot;335551550&quot;:0,&quot;335551620&quot;:0,&quot;335559738&quot;:240,&quot;335559739&quot;:240}\">\u00a0<\/span><\/p><p><span data-contrast=\"none\">En conjunto, estas alianzas nos permiten acompa\u00f1ar a las familias desde sus propias realidades y ayudar a reducir algunas de las barreras que pueden dificultar el acceso a recursos y apoyo.<\/span><span data-ccp-props=\"{&quot;134233117&quot;:false,&quot;134233118&quot;:false,&quot;335551550&quot;:0,&quot;335551620&quot;:0,&quot;335559738&quot;:240,&quot;335559739&quot;:240}\">\u00a0<\/span><\/p><p aria-level=\"2\"><b><span data-contrast=\"none\">Mucho m\u00e1s que una feria de recursos<\/span><\/b><span data-ccp-props=\"{&quot;134233117&quot;:false,&quot;134233118&quot;:false,&quot;134245418&quot;:true,&quot;134245529&quot;:true,&quot;335551550&quot;:0,&quot;335551620&quot;:0,&quot;335559738&quot;:299,&quot;335559739&quot;:299}\">\u00a0<\/span><\/p><p><span data-contrast=\"none\">El d\u00eda tambi\u00e9n ofreci\u00f3 algo que no cabe dentro de una mochila:\u00a0<\/span><b><span data-contrast=\"none\">conexi\u00f3n<\/span><\/b><span data-contrast=\"none\">.<\/span><span data-ccp-props=\"{&quot;134233117&quot;:false,&quot;134233118&quot;:false,&quot;335551550&quot;:0,&quot;335551620&quot;:0,&quot;335559738&quot;:240,&quot;335559739&quot;:240}\">\u00a0<\/span><\/p><p><span data-contrast=\"none\">Nuestro equipo vio a las personas participantes recorrer con confianza las diferentes mesas de recursos, reencontrarse con rostros conocidos y comenzar conversaciones con nuevas personas. Antiguas residentes del Refugio regresaron y compartieron cu\u00e1nto han crecido ellas y sus familias desde que se conectaron por primera vez con Esperanza United.<\/span><span data-ccp-props=\"{&quot;134233117&quot;:false,&quot;134233118&quot;:false,&quot;335551550&quot;:0,&quot;335551620&quot;:0,&quot;335559738&quot;:240,&quot;335559739&quot;:240}\">\u00a0<\/span><\/p><p><span data-contrast=\"none\">Las ni\u00f1as y los ni\u00f1os jugaron. Las familias compartieron comida preparada por El Burrito Mercado. Las personas participantes conversaron entre s\u00ed, mientras nuestro equipo y los aliados comunitarios compart\u00edan conversaciones, risas y gratitud. Las conexiones surgieron de manera natural.<\/span><span data-ccp-props=\"{&quot;134233117&quot;:false,&quot;134233118&quot;:false,&quot;335551550&quot;:0,&quot;335551620&quot;:0,&quot;335559738&quot;:240,&quot;335559739&quot;:240}\">\u00a0<\/span><\/p><p><span data-contrast=\"none\">Para familias que en los \u00faltimos meses han atravesado momentos de incertidumbre y temor, contar con un espacio donde simplemente pudieran reunirse, aprender, hacer preguntas y disfrutar de estar juntas tuvo un significado especial.<\/span><span data-ccp-props=\"{&quot;134233117&quot;:false,&quot;134233118&quot;:false,&quot;335551550&quot;:0,&quot;335551620&quot;:0,&quot;335559738&quot;:240,&quot;335559739&quot;:240}\">\u00a0<\/span><\/p><p><span data-contrast=\"none\">Los desaf\u00edos que enfrentan nuestras comunidades no han desaparecido. Pero tampoco lo ha hecho su determinaci\u00f3n de seguir adelante, cuidar de sus familias, buscar informaci\u00f3n, construir conexiones e imaginar lo que viene despu\u00e9s.<\/span><span data-ccp-props=\"{&quot;134233117&quot;:false,&quot;134233118&quot;:false,&quot;335551550&quot;:0,&quot;335551620&quot;:0,&quot;335559738&quot;:240,&quot;335559739&quot;:240}\">\u00a0<\/span><\/p><p><i><span data-contrast=\"none\">Caminando Juntos hacia el \u00c9xito Escolar<\/span><\/i><span data-contrast=\"none\">\u00a0nos record\u00f3 lo que puede suceder cuando hacemos que los recursos sean m\u00e1s accesibles y creamos espacios donde la comunidad puede crecer.<\/span><span data-ccp-props=\"{&quot;134233117&quot;:false,&quot;134233118&quot;:false,&quot;335551550&quot;:0,&quot;335551620&quot;:0,&quot;335559738&quot;:240,&quot;335559739&quot;:240}\">\u00a0<\/span><\/p><p><span data-contrast=\"none\">Ese d\u00eda,\u00a0<\/span><b><span data-contrast=\"none\">31 familias cruzaron nuestras puertas<\/span><\/b><span data-contrast=\"none\">. Se fueron con mochilas, \u00fatiles escolares, informaci\u00f3n y nuevas conexiones. Pero tambi\u00e9n ayudaron a construir algo juntas: un espacio lleno de comunidad, posibilidades y esperanza.<\/span><span data-ccp-props=\"{&quot;134233117&quot;:false,&quot;134233118&quot;:false,&quot;335551550&quot;:0,&quot;335551620&quot;:0,&quot;335559738&quot;:240,&quot;335559739&quot;:240}\">\u00a0<\/span><\/p><p><b><span data-contrast=\"none\">Y por eso seguimos caminando hacia adelante, juntos.<\/span><\/b><span data-ccp-props=\"{&quot;134233117&quot;:false,&quot;134233118&quot;:false,&quot;335551550&quot;:0,&quot;335551620&quot;:0,&quot;335559738&quot;:240,&quot;335559739&quot;:240}\">\u00a0<\/span><\/p>\t\t\t\t\t\t\t\t<\/div>\n\t\t\t\t<\/div>\n\t\t\t\t<div class=\"elementor-element elementor-element-e55f73a elementor-widget elementor-widget-text-editor\" data-id=\"e55f73a\" data-element_type=\"widget\" data-e-type=\"widget\" data-widget_type=\"text-editor.default\">\n\t\t\t\t<div class=\"elementor-widget-container\">\n\t\t\t\t\t\t\t\t\t<h3><b><span data-contrast=\"auto\">Acerca de <\/span><\/b><b><span data-contrast=\"none\">Michael Dougherty<\/span><\/b><span data-ccp-props=\"{&quot;134233117&quot;:false,&quot;134233118&quot;:false,&quot;134245418&quot;:true,&quot;134245529&quot;:true,&quot;335559738&quot;:299,&quot;335559739&quot;:299}\">\u00a0<\/span><\/h3><p><em><b>Fiscal del condado de Boulder<\/b>\u00a0<\/em><\/p>\t\t\t\t\t\t\t\t<\/div>\n\t\t\t\t<\/div>\n\t\t\t\t<div class=\"elementor-element elementor-element-2d02d92 elementor-widget elementor-widget-text-editor\" data-id=\"2d02d92\" data-element_type=\"widget\" data-e-type=\"widget\" data-widget_type=\"text-editor.default\">\n\t\t\t\t<div class=\"elementor-widget-container\">\n\t\t\t\t\t\t\t\t\t<p><span data-contrast=\"none\">Michael Dougherty se ha desempe\u00f1ado como fiscal del condado de Boulder durante los \u00faltimos ocho a\u00f1os, donde ha construido una s\u00f3lida reputaci\u00f3n porsu liderazgo, compromiso con la rendici\u00f3n de cuentas y enfoque compasivo en la administraci\u00f3n de justicia.<\/span><span data-ccp-props=\"{&quot;134233117&quot;:false,&quot;134233118&quot;:false,&quot;335559738&quot;:240,&quot;335559739&quot;:240}\">\u00a0<\/span><\/p><p><span data-contrast=\"none\">Poco despu\u00e9s de mudarse a Colorado, dirigi\u00f3 la Secci\u00f3n de Justicia Penal de la Fiscal\u00eda General del estado, supervisando equipos encargados de investigarhomicidios, casos de corrupci\u00f3n p\u00fablica, fraude financiero, delitos ambientales y asuntos relacionados con la rendici\u00f3n de cuentas de las fuerzas del orden.<\/span><span data-ccp-props=\"{&quot;134233117&quot;:false,&quot;134233118&quot;:false,&quot;335559738&quot;:240,&quot;335559739&quot;:240}\">\u00a0<\/span><\/p><p><span data-contrast=\"none\">Al inicio de su carrera, trabaj\u00f3 durante m\u00e1s de una d\u00e9cada como fiscal en la Fiscal\u00eda de Manhattan, donde se especializ\u00f3 en delitos sexuales y homicidios. Con el tiempo, asumi\u00f3 un cargo de liderazgo ejecutivo supervisando a m\u00e1s de 1,300 integrantes del personal.<\/span><span data-ccp-props=\"{&quot;134233117&quot;:false,&quot;134233118&quot;:false,&quot;335559738&quot;:240,&quot;335559739&quot;:240}\">\u00a0<\/span><\/p><p><span data-contrast=\"none\">Con d\u00e9cadas de experiencia como fiscal, liderazgo demostrado tanto a nivel estatal como local y una trayectoria dedicada a hacer justicia en algunos de loscasos de mayor relevancia en Colorado, Michael aporta cada d\u00eda su experiencia, integridad y compromiso al servicio de las comunidades del estado.<\/span><span data-ccp-props=\"{&quot;134233117&quot;:false,&quot;134233118&quot;:false,&quot;335559738&quot;:240,&quot;335559739&quot;:240}\">\u00a0<\/span><\/p>\t\t\t\t\t\t\t\t<\/div>\n\t\t\t\t<\/div>\n\t\t\t\t\t<\/div>\n\t\t<\/div>\n\t\t\t\t\t<\/div>\n\t\t<\/section>\n\t\t\t\t<section class=\"elementor-section elementor-top-section elementor-element elementor-element-18083c8 elementor-section-boxed elementor-section-height-default elementor-section-height-default\" data-id=\"18083c8\" data-element_type=\"section\" data-e-type=\"section\">\n\t\t\t\t\t\t<div class=\"elementor-container elementor-column-gap-default\">\n\t\t\t\t\t<div class=\"elementor-column elementor-col-100 elementor-top-column elementor-element elementor-element-201b680\" data-id=\"201b680\" data-element_type=\"column\" data-e-type=\"column\">\n\t\t\t<div class=\"elementor-widget-wrap elementor-element-populated\">\n\t\t\t\t\t\t<div class=\"elementor-element elementor-element-1a35ce4 elementor-widget elementor-widget-video\" data-id=\"1a35ce4\" data-element_type=\"widget\" data-e-type=\"widget\" data-settings=\"{&quot;youtube_url&quot;:&quot;https:\\\/\\\/youtube.com\\\/shorts\\\/KrYKewGzH94&quot;,&quot;video_type&quot;:&quot;youtube&quot;,&quot;controls&quot;:&quot;yes&quot;}\" data-widget_type=\"video.default\">\n\t\t\t\t<div class=\"elementor-widget-container\">\n\t\t\t\t\t\t\t<div class=\"elementor-wrapper elementor-open-inline\">\n\t\t\t<div class=\"elementor-video\"><\/div>\t\t<\/div>\n\t\t\t\t\t\t<\/div>\n\t\t\t\t<\/div>\n\t\t\t\t\t<\/div>\n\t\t<\/div>\n\t\t\t\t\t<\/div>\n\t\t<\/section>\n\t\t\t\t<\/div>\n\t\t","protected":false},"excerpt":{"rendered":"<p>El 15 de agosto, nuestro equipo local recibi\u00f3 a 31 familias y sus hijas e hijos en nuestra primera Feria de Recursos de Apoyo Familiar,\u00a0Caminando Juntos hacia el \u00c9xito Escolar, en St. Paul, Minnesota.\u00a0 Este encuentro privado y especial fue creado espec\u00edficamente para sobrevivientes de violencia dom\u00e9stica y sus familias que [&hellip;]<\/p>\n","protected":false},"author":19,"featured_media":39969,"comment_status":"closed","ping_status":"closed","sticky":false,"template":"","format":"standard","meta":{"_cbd_carousel_blocks":"[]","footnotes":""},"categories":[107],"tags":[100,102,99,103,176,182],"class_list":["post-39974","post","type-post","status-publish","format-standard","has-post-thumbnail","hentry","category-blog-es","tag-apoyo-a-las-familias","tag-entrenamientos-y-asistencia-tecnica","tag-gratis","tag-investigacion-y-evaluacion","tag-prevencion","tag-research-and-evaluation-2"],"aioseo_notices":[],"aioseo_head":"\n\t\t<!-- All in One SEO 5.0.1.1 - aioseo.com -->\n\t<meta name=\"description\" content=\"El 15 de agosto, nuestro equipo local recibi\u00f3 a 31 familias y sus hijas e hijos en nuestra primera Feria de Recursos de Apoyo Familiar, Caminando Juntos hacia el \u00c9xito Escolar, en St. Paul, Minnesota. Este encuentro privado y especial fue creado espec\u00edficamente para sobrevivientes de violencia dom\u00e9stica y sus familias que tienen una conexi\u00f3n con\" \/>\n\t<meta name=\"robots\" content=\"max-image-preview:large\" \/>\n\t<meta name=\"author\" content=\"Silvana Domke\"\/>\n\t<link rel=\"canonical\" href=\"https:\/\/esperanzaunited.org\/es\/feria-de-recursos-de-apoyo-familiar-caminando-juntos-hacia-el-exito-escolar\/\" \/>\n\t<meta name=\"generator\" content=\"All in One SEO (AIOSEO) 5.0.1.1\" \/>\n\n\t\t<!-- Google tag (gtag.js) -->\n<script async src=\"https:\/\/www.googletagmanager.com\/gtag\/js?id=G-SMTPZE0LGB\"><\/script>\n<script>\n  window.dataLayer = window.dataLayer || [];\n  function gtag(){dataLayer.push(arguments);}\n  gtag('js', new Date());\n\n  gtag('config', 'G-SMTPZE0LGB');\n<\/script>\n\t\t<meta property=\"og:locale\" content=\"es_ES\" \/>\n\t\t<meta property=\"og:site_name\" content=\"Esperanza United - Mobilizing Latinas and Latin@ communities to end domestic violence\" \/>\n\t\t<meta property=\"og:type\" content=\"article\" \/>\n\t\t<meta property=\"og:title\" content=\"Feria de Recursos de Apoyo Familiar, Caminando Juntos hacia el \u00c9xito Escolar - Esperanza United\" \/>\n\t\t<meta property=\"og:description\" content=\"El 15 de agosto, nuestro equipo local recibi\u00f3 a 31 familias y sus hijas e hijos en nuestra primera Feria de Recursos de Apoyo Familiar, Caminando Juntos hacia el \u00c9xito Escolar, en St. Paul, Minnesota. Este encuentro privado y especial fue creado espec\u00edficamente para sobrevivientes de violencia dom\u00e9stica y sus familias que tienen una conexi\u00f3n con\" \/>\n\t\t<meta property=\"og:url\" content=\"https:\/\/esperanzaunited.org\/es\/feria-de-recursos-de-apoyo-familiar-caminando-juntos-hacia-el-exito-escolar\/\" \/>\n\t\t<meta property=\"og:image\" content=\"https:\/\/esperanzaunited.org\/wp-content\/uploads\/2026\/09\/Wordpress-Image-Vivian-LIC-Eng-6.png\" \/>\n\t\t<meta property=\"og:image:secure_url\" content=\"https:\/\/esperanzaunited.org\/wp-content\/uploads\/2026\/09\/Wordpress-Image-Vivian-LIC-Eng-6.png\" \/>\n\t\t<meta property=\"og:image:width\" content=\"640\" \/>\n\t\t<meta property=\"og:image:height\" content=\"400\" \/>\n\t\t<meta property=\"article:published_time\" content=\"2026-09-01T23:32:11+00:00\" \/>\n\t\t<meta property=\"article:modified_time\" content=\"2026-09-01T23:32:21+00:00\" \/>\n\t\t<meta name=\"twitter:card\" content=\"summary\" \/>\n\t\t<meta name=\"twitter:title\" content=\"Feria de Recursos de Apoyo Familiar, Caminando Juntos hacia el \u00c9xito Escolar - Esperanza United\" \/>\n\t\t<meta name=\"twitter:description\" content=\"El 15 de agosto, nuestro equipo local recibi\u00f3 a 31 familias y sus hijas e hijos en nuestra primera Feria de Recursos de Apoyo Familiar, Caminando Juntos hacia el \u00c9xito Escolar, en St. Paul, Minnesota. Este encuentro privado y especial fue creado espec\u00edficamente para sobrevivientes de violencia dom\u00e9stica y sus familias que tienen una conexi\u00f3n con\" \/>\n\t\t<meta name=\"twitter:image\" content=\"https:\/\/esperanzaunited.org\/wp-content\/uploads\/2026\/09\/Wordpress-Image-Vivian-LIC-Eng-6.png\" \/>\n\t\t<script type=\"application\/ld+json\" class=\"aioseo-schema\">\n\t\t\t{\"@context\":\"https:\\\/\\\/schema.org\",\"@graph\":[{\"@type\":\"BlogPosting\",\"@id\":\"https:\\\/\\\/esperanzaunited.org\\\/es\\\/feria-de-recursos-de-apoyo-familiar-caminando-juntos-hacia-el-exito-escolar\\\/#blogposting\",\"name\":\"Feria de Recursos de Apoyo Familiar, Caminando Juntos hacia el \\u00c9xito Escolar - Esperanza United\",\"headline\":\"Feria de Recursos de Apoyo Familiar,\\u00a0Caminando Juntos hacia el \\u00c9xito Escolar\",\"author\":{\"@id\":\"https:\\\/\\\/esperanzaunited.org\\\/es\\\/author\\\/silvana\\\/#author\"},\"publisher\":{\"@id\":\"https:\\\/\\\/esperanzaunited.org\\\/es\\\/#organization\"},\"image\":{\"@type\":\"ImageObject\",\"url\":\"https:\\\/\\\/esperanzaunited.org\\\/wp-content\\\/uploads\\\/2026\\\/09\\\/Wordpress-Image-Vivian-LIC-Eng-6.png\",\"width\":640,\"height\":400},\"datePublished\":\"2026-09-01T18:32:11-05:00\",\"dateModified\":\"2026-09-01T18:32:21-05:00\",\"inLanguage\":\"es-ES\",\"mainEntityOfPage\":{\"@id\":\"https:\\\/\\\/esperanzaunited.org\\\/es\\\/feria-de-recursos-de-apoyo-familiar-caminando-juntos-hacia-el-exito-escolar\\\/#webpage\"},\"isPartOf\":{\"@id\":\"https:\\\/\\\/esperanzaunited.org\\\/es\\\/feria-de-recursos-de-apoyo-familiar-caminando-juntos-hacia-el-exito-escolar\\\/#webpage\"},\"articleSection\":\"Blog, Apoyo a las familias, Entrenamientos y asistencia t\\u00e9cnica, Gratis, Investigaci\\u00f3n y evaluaci\\u00f3n, Prevenci\\u00f3n, Research and evaluation, Optional\"},{\"@type\":\"BreadcrumbList\",\"@id\":\"https:\\\/\\\/esperanzaunited.org\\\/es\\\/feria-de-recursos-de-apoyo-familiar-caminando-juntos-hacia-el-exito-escolar\\\/#breadcrumblist\",\"itemListElement\":[{\"@type\":\"ListItem\",\"@id\":\"https:\\\/\\\/esperanzaunited.org\\\/es\\\/#listItem\",\"position\":1,\"name\":\"Home\",\"item\":\"https:\\\/\\\/esperanzaunited.org\\\/es\\\/\",\"nextItem\":{\"@type\":\"ListItem\",\"@id\":\"https:\\\/\\\/esperanzaunited.org\\\/es\\\/category\\\/blog-es\\\/#listItem\",\"name\":\"Blog\"}},{\"@type\":\"ListItem\",\"@id\":\"https:\\\/\\\/esperanzaunited.org\\\/es\\\/category\\\/blog-es\\\/#listItem\",\"position\":2,\"name\":\"Blog\",\"item\":\"https:\\\/\\\/esperanzaunited.org\\\/es\\\/category\\\/blog-es\\\/\",\"nextItem\":{\"@type\":\"ListItem\",\"@id\":\"https:\\\/\\\/esperanzaunited.org\\\/es\\\/feria-de-recursos-de-apoyo-familiar-caminando-juntos-hacia-el-exito-escolar\\\/#listItem\",\"name\":\"Feria de Recursos de Apoyo Familiar,\\u00a0Caminando Juntos hacia el \\u00c9xito Escolar\"},\"previousItem\":{\"@type\":\"ListItem\",\"@id\":\"https:\\\/\\\/esperanzaunited.org\\\/es\\\/#listItem\",\"name\":\"Home\"}},{\"@type\":\"ListItem\",\"@id\":\"https:\\\/\\\/esperanzaunited.org\\\/es\\\/feria-de-recursos-de-apoyo-familiar-caminando-juntos-hacia-el-exito-escolar\\\/#listItem\",\"position\":3,\"name\":\"Feria de Recursos de Apoyo Familiar,\\u00a0Caminando Juntos hacia el \\u00c9xito Escolar\",\"previousItem\":{\"@type\":\"ListItem\",\"@id\":\"https:\\\/\\\/esperanzaunited.org\\\/es\\\/category\\\/blog-es\\\/#listItem\",\"name\":\"Blog\"}}]},{\"@type\":\"Organization\",\"@id\":\"https:\\\/\\\/esperanzaunited.org\\\/es\\\/#organization\",\"name\":\"Esperanza United\",\"description\":\"Mobilizing Latinas and Latin@ communities to end domestic violence\",\"url\":\"https:\\\/\\\/esperanzaunited.org\\\/es\\\/\"},{\"@type\":\"Person\",\"@id\":\"https:\\\/\\\/esperanzaunited.org\\\/es\\\/author\\\/silvana\\\/#author\",\"url\":\"https:\\\/\\\/esperanzaunited.org\\\/es\\\/author\\\/silvana\\\/\",\"name\":\"Silvana Domke\",\"image\":{\"@type\":\"ImageObject\",\"@id\":\"https:\\\/\\\/esperanzaunited.org\\\/es\\\/feria-de-recursos-de-apoyo-familiar-caminando-juntos-hacia-el-exito-escolar\\\/#authorImage\",\"url\":\"https:\\\/\\\/secure.gravatar.com\\\/avatar\\\/47556953cae2ea2d4ec8ad482b5108a0c7443d86e733ee799cd1a0a82ced8202?s=96&d=mm&r=g\",\"width\":96,\"height\":96,\"caption\":\"Silvana Domke\"}},{\"@type\":\"WebPage\",\"@id\":\"https:\\\/\\\/esperanzaunited.org\\\/es\\\/feria-de-recursos-de-apoyo-familiar-caminando-juntos-hacia-el-exito-escolar\\\/#webpage\",\"url\":\"https:\\\/\\\/esperanzaunited.org\\\/es\\\/feria-de-recursos-de-apoyo-familiar-caminando-juntos-hacia-el-exito-escolar\\\/\",\"name\":\"Feria de Recursos de Apoyo Familiar, Caminando Juntos hacia el \\u00c9xito Escolar - Esperanza United\",\"description\":\"El 15 de agosto, nuestro equipo local recibi\\u00f3 a 31 familias y sus hijas e hijos en nuestra primera Feria de Recursos de Apoyo Familiar, Caminando Juntos hacia el \\u00c9xito Escolar, en St. Paul, Minnesota. Este encuentro privado y especial fue creado espec\\u00edficamente para sobrevivientes de violencia dom\\u00e9stica y sus familias que tienen una conexi\\u00f3n con\",\"inLanguage\":\"es-ES\",\"isPartOf\":{\"@id\":\"https:\\\/\\\/esperanzaunited.org\\\/es\\\/#website\"},\"breadcrumb\":{\"@id\":\"https:\\\/\\\/esperanzaunited.org\\\/es\\\/feria-de-recursos-de-apoyo-familiar-caminando-juntos-hacia-el-exito-escolar\\\/#breadcrumblist\"},\"author\":{\"@id\":\"https:\\\/\\\/esperanzaunited.org\\\/es\\\/author\\\/silvana\\\/#author\"},\"creator\":{\"@id\":\"https:\\\/\\\/esperanzaunited.org\\\/es\\\/author\\\/silvana\\\/#author\"},\"image\":{\"@type\":\"ImageObject\",\"url\":\"https:\\\/\\\/esperanzaunited.org\\\/wp-content\\\/uploads\\\/2026\\\/09\\\/Wordpress-Image-Vivian-LIC-Eng-6.png\",\"@id\":\"https:\\\/\\\/esperanzaunited.org\\\/es\\\/feria-de-recursos-de-apoyo-familiar-caminando-juntos-hacia-el-exito-escolar\\\/#mainImage\",\"width\":640,\"height\":400},\"primaryImageOfPage\":{\"@id\":\"https:\\\/\\\/esperanzaunited.org\\\/es\\\/feria-de-recursos-de-apoyo-familiar-caminando-juntos-hacia-el-exito-escolar\\\/#mainImage\"},\"datePublished\":\"2026-09-01T18:32:11-05:00\",\"dateModified\":\"2026-09-01T18:32:21-05:00\"},{\"@type\":\"WebSite\",\"@id\":\"https:\\\/\\\/esperanzaunited.org\\\/es\\\/#website\",\"url\":\"https:\\\/\\\/esperanzaunited.org\\\/es\\\/\",\"name\":\"Esperanza United\",\"description\":\"Mobilizing Latinas and Latin@ communities to end domestic violence\",\"inLanguage\":\"es-ES\",\"publisher\":{\"@id\":\"https:\\\/\\\/esperanzaunited.org\\\/es\\\/#organization\"}}]}\n\t\t<\/script>\n\t\t<!-- All in One SEO -->\n\n","aioseo_head_json":{"title":"Feria de Recursos de Apoyo Familiar, Caminando Juntos hacia el \u00c9xito Escolar - Esperanza United","description":"El 15 de agosto, nuestro equipo local recibi\u00f3 a 31 familias y sus hijas e hijos en nuestra primera Feria de Recursos de Apoyo Familiar, Caminando Juntos hacia el \u00c9xito Escolar, en St. Paul, Minnesota. Este encuentro privado y especial fue creado espec\u00edficamente para sobrevivientes de violencia dom\u00e9stica y sus familias que tienen una conexi\u00f3n con","canonical_url":"https:\/\/esperanzaunited.org\/es\/feria-de-recursos-de-apoyo-familiar-caminando-juntos-hacia-el-exito-escolar\/","robots":"max-image-preview:large","keywords":"","webmasterTools":{"miscellaneous":"&lt;!-- Google tag (gtag.js) --&gt;\n&lt;script async src=\"https:\/\/www.googletagmanager.com\/gtag\/js?id=G-SMTPZE0LGB\"&gt;&lt;\/script&gt;\n&lt;script&gt;\n  window.dataLayer = window.dataLayer || [];\n  function gtag(){dataLayer.push(arguments);}\n  gtag('js', new Date());\n\n  gtag('config', 'G-SMTPZE0LGB');\n&lt;\/script&gt;"},"schema":{"@context":"https:\/\/schema.org","@graph":[{"@type":"BlogPosting","@id":"https:\/\/esperanzaunited.org\/es\/feria-de-recursos-de-apoyo-familiar-caminando-juntos-hacia-el-exito-escolar\/#blogposting","name":"Feria de Recursos de Apoyo Familiar, Caminando Juntos hacia el \u00c9xito Escolar - Esperanza United","headline":"Feria de Recursos de Apoyo Familiar,\u00a0Caminando Juntos hacia el \u00c9xito Escolar","author":{"@id":"https:\/\/esperanzaunited.org\/es\/author\/silvana\/#author"},"publisher":{"@id":"https:\/\/esperanzaunited.org\/es\/#organization"},"image":{"@type":"ImageObject","url":"https:\/\/esperanzaunited.org\/wp-content\/uploads\/2026\/09\/Wordpress-Image-Vivian-LIC-Eng-6.png","width":640,"height":400},"datePublished":"2026-09-01T18:32:11-05:00","dateModified":"2026-09-01T18:32:21-05:00","inLanguage":"es-ES","mainEntityOfPage":{"@id":"https:\/\/esperanzaunited.org\/es\/feria-de-recursos-de-apoyo-familiar-caminando-juntos-hacia-el-exito-escolar\/#webpage"},"isPartOf":{"@id":"https:\/\/esperanzaunited.org\/es\/feria-de-recursos-de-apoyo-familiar-caminando-juntos-hacia-el-exito-escolar\/#webpage"},"articleSection":"Blog, Apoyo a las familias, Entrenamientos y asistencia t\u00e9cnica, Gratis, Investigaci\u00f3n y evaluaci\u00f3n, Prevenci\u00f3n, Research and evaluation, Optional"},{"@type":"BreadcrumbList","@id":"https:\/\/esperanzaunited.org\/es\/feria-de-recursos-de-apoyo-familiar-caminando-juntos-hacia-el-exito-escolar\/#breadcrumblist","itemListElement":[{"@type":"ListItem","@id":"https:\/\/esperanzaunited.org\/es\/#listItem","position":1,"name":"Home","item":"https:\/\/esperanzaunited.org\/es\/","nextItem":{"@type":"ListItem","@id":"https:\/\/esperanzaunited.org\/es\/category\/blog-es\/#listItem","name":"Blog"}},{"@type":"ListItem","@id":"https:\/\/esperanzaunited.org\/es\/category\/blog-es\/#listItem","position":2,"name":"Blog","item":"https:\/\/esperanzaunited.org\/es\/category\/blog-es\/","nextItem":{"@type":"ListItem","@id":"https:\/\/esperanzaunited.org\/es\/feria-de-recursos-de-apoyo-familiar-caminando-juntos-hacia-el-exito-escolar\/#listItem","name":"Feria de Recursos de Apoyo Familiar,\u00a0Caminando Juntos hacia el \u00c9xito Escolar"},"previousItem":{"@type":"ListItem","@id":"https:\/\/esperanzaunited.org\/es\/#listItem","name":"Home"}},{"@type":"ListItem","@id":"https:\/\/esperanzaunited.org\/es\/feria-de-recursos-de-apoyo-familiar-caminando-juntos-hacia-el-exito-escolar\/#listItem","position":3,"name":"Feria de Recursos de Apoyo Familiar,\u00a0Caminando Juntos hacia el \u00c9xito Escolar","previousItem":{"@type":"ListItem","@id":"https:\/\/esperanzaunited.org\/es\/category\/blog-es\/#listItem","name":"Blog"}}]},{"@type":"Organization","@id":"https:\/\/esperanzaunited.org\/es\/#organization","name":"Esperanza United","description":"Mobilizing Latinas and Latin@ communities to end domestic violence","url":"https:\/\/esperanzaunited.org\/es\/"},{"@type":"Person","@id":"https:\/\/esperanzaunited.org\/es\/author\/silvana\/#author","url":"https:\/\/esperanzaunited.org\/es\/author\/silvana\/","name":"Silvana Domke","image":{"@type":"ImageObject","@id":"https:\/\/esperanzaunited.org\/es\/feria-de-recursos-de-apoyo-familiar-caminando-juntos-hacia-el-exito-escolar\/#authorImage","url":"https:\/\/secure.gravatar.com\/avatar\/47556953cae2ea2d4ec8ad482b5108a0c7443d86e733ee799cd1a0a82ced8202?s=96&d=mm&r=g","width":96,"height":96,"caption":"Silvana Domke"}},{"@type":"WebPage","@id":"https:\/\/esperanzaunited.org\/es\/feria-de-recursos-de-apoyo-familiar-caminando-juntos-hacia-el-exito-escolar\/#webpage","url":"https:\/\/esperanzaunited.org\/es\/feria-de-recursos-de-apoyo-familiar-caminando-juntos-hacia-el-exito-escolar\/","name":"Feria de Recursos de Apoyo Familiar, Caminando Juntos hacia el \u00c9xito Escolar - Esperanza United","description":"El 15 de agosto, nuestro equipo local recibi\u00f3 a 31 familias y sus hijas e hijos en nuestra primera Feria de Recursos de Apoyo Familiar, Caminando Juntos hacia el \u00c9xito Escolar, en St. Paul, Minnesota. Este encuentro privado y especial fue creado espec\u00edficamente para sobrevivientes de violencia dom\u00e9stica y sus familias que tienen una conexi\u00f3n con","inLanguage":"es-ES","isPartOf":{"@id":"https:\/\/esperanzaunited.org\/es\/#website"},"breadcrumb":{"@id":"https:\/\/esperanzaunited.org\/es\/feria-de-recursos-de-apoyo-familiar-caminando-juntos-hacia-el-exito-escolar\/#breadcrumblist"},"author":{"@id":"https:\/\/esperanzaunited.org\/es\/author\/silvana\/#author"},"creator":{"@id":"https:\/\/esperanzaunited.org\/es\/author\/silvana\/#author"},"image":{"@type":"ImageObject","url":"https:\/\/esperanzaunited.org\/wp-content\/uploads\/2026\/09\/Wordpress-Image-Vivian-LIC-Eng-6.png","@id":"https:\/\/esperanzaunited.org\/es\/feria-de-recursos-de-apoyo-familiar-caminando-juntos-hacia-el-exito-escolar\/#mainImage","width":640,"height":400},"primaryImageOfPage":{"@id":"https:\/\/esperanzaunited.org\/es\/feria-de-recursos-de-apoyo-familiar-caminando-juntos-hacia-el-exito-escolar\/#mainImage"},"datePublished":"2026-09-01T18:32:11-05:00","dateModified":"2026-09-01T18:32:21-05:00"},{"@type":"WebSite","@id":"https:\/\/esperanzaunited.org\/es\/#website","url":"https:\/\/esperanzaunited.org\/es\/","name":"Esperanza United","description":"Mobilizing Latinas and Latin@ communities to end domestic violence","inLanguage":"es-ES","publisher":{"@id":"https:\/\/esperanzaunited.org\/es\/#organization"}}]},"og:locale":"es_ES","og:site_name":"Esperanza United - Mobilizing Latinas and Latin@ communities to end domestic violence","og:type":"article","og:title":"Feria de Recursos de Apoyo Familiar, Caminando Juntos hacia el \u00c9xito Escolar - Esperanza United","og:description":"El 15 de agosto, nuestro equipo local recibi\u00f3 a 31 familias y sus hijas e hijos en nuestra primera Feria de Recursos de Apoyo Familiar, Caminando Juntos hacia el \u00c9xito Escolar, en St. Paul, Minnesota. Este encuentro privado y especial fue creado espec\u00edficamente para sobrevivientes de violencia dom\u00e9stica y sus familias que tienen una conexi\u00f3n con","og:url":"https:\/\/esperanzaunited.org\/es\/feria-de-recursos-de-apoyo-familiar-caminando-juntos-hacia-el-exito-escolar\/","og:image":"https:\/\/esperanzaunited.org\/wp-content\/uploads\/2026\/09\/Wordpress-Image-Vivian-LIC-Eng-6.png","og:image:secure_url":"https:\/\/esperanzaunited.org\/wp-content\/uploads\/2026\/09\/Wordpress-Image-Vivian-LIC-Eng-6.png","og:image:width":640,"og:image:height":400,"article:published_time":"2026-09-01T23:32:11+00:00","article:modified_time":"2026-09-01T23:32:21+00:00","twitter:card":"summary","twitter:title":"Feria de Recursos de Apoyo Familiar, Caminando Juntos hacia el \u00c9xito Escolar - Esperanza United","twitter:description":"El 15 de agosto, nuestro equipo local recibi\u00f3 a 31 familias y sus hijas e hijos en nuestra primera Feria de Recursos de Apoyo Familiar, Caminando Juntos hacia el \u00c9xito Escolar, en St. Paul, Minnesota. Este encuentro privado y especial fue creado espec\u00edficamente para sobrevivientes de violencia dom\u00e9stica y sus familias que tienen una conexi\u00f3n con","twitter:image":"https:\/\/esperanzaunited.org\/wp-content\/uploads\/2026\/09\/Wordpress-Image-Vivian-LIC-Eng-6.png"},"aioseo_meta_data":{"post_id":"39974","title":null,"description":null,"keywords":null,"keyphrases":{"focus":{"keyphrase":"","score":0,"analysis":{"keyphraseInTitle":{"score":0,"maxScore":9,"error":1}}},"additional":[]},"primary_term":null,"canonical_url":null,"og_title":null,"og_description":null,"og_object_type":"default","og_image_type":"default","og_image_url":null,"og_image_width":null,"og_image_height":null,"og_image_custom_url":null,"og_image_custom_fields":null,"og_video":"","og_custom_url":null,"og_article_section":null,"og_article_tags":null,"twitter_use_og":false,"twitter_card":"default","twitter_image_type":"default","twitter_image_url":null,"twitter_image_custom_url":null,"twitter_image_custom_fields":null,"twitter_title":null,"twitter_description":null,"schema":{"blockGraphs":[],"customGraphs":[],"default":{"data":{"Article":[],"Course":[],"Dataset":[],"FAQPage":[],"Movie":[],"Person":[],"Product":[],"ProductReview":[],"Car":[],"Recipe":[],"Service":[],"SoftwareApplication":[],"WebPage":[]},"graphName":"BlogPosting","isEnabled":true},"graphs":[]},"schema_type":"default","schema_type_options":null,"pillar_content":false,"robots_default":true,"robots_noindex":false,"robots_noarchive":false,"robots_nosnippet":false,"robots_nofollow":false,"robots_noimageindex":false,"robots_noodp":false,"robots_notranslate":false,"robots_max_snippet":"-1","robots_max_videopreview":"-1","robots_max_imagepreview":"large","priority":null,"frequency":"default","local_seo":null,"breadcrumb_settings":null,"limit_modified_date":false,"ai":{"faqs":[],"keyPoints":[],"schemas":[],"titles":[],"descriptions":[],"socialPosts":{"email":{"subject":"","preview":"","content":""},"linkedin":[],"twitter":[],"facebook":[],"instagram":[]}},"created":"2026-09-01 23:20:29","updated":"2026-09-01 23:42:44","seo_analyzer_scan_date":null,"focus_keyword":null,"additional_keywords":null,"truseo_locale":null},"aioseo_breadcrumb":"<div class=\"aioseo-breadcrumbs\"><span class=\"aioseo-breadcrumb\">\n\t\t\t<a href=\"https:\/\/esperanzaunited.org\/es\/\" title=\"Home\">Home<\/a>\n\t\t<\/span><span class=\"aioseo-breadcrumb-separator\">&raquo;<\/span><span class=\"aioseo-breadcrumb\">\n\t\t\t<a href=\"https:\/\/esperanzaunited.org\/es\/category\/blog-es\/\" title=\"Blog\">Blog<\/a>\n\t\t<\/span><span class=\"aioseo-breadcrumb-separator\">&raquo;<\/span><span class=\"aioseo-breadcrumb\">\n\t\t\tFeria de Recursos de Apoyo Familiar, Caminando Juntos hacia el \u00c9xito Escolar\n\t\t<\/span><\/div>","aioseo_breadcrumb_json":[{"label":"Home","link":"https:\/\/esperanzaunited.org\/es\/"},{"label":"Blog","link":"https:\/\/esperanzaunited.org\/es\/category\/blog-es\/"},{"label":"Feria de Recursos de Apoyo Familiar,\u00a0Caminando Juntos hacia el \u00c9xito Escolar","link":"https:\/\/esperanzaunited.org\/es\/feria-de-recursos-de-apoyo-familiar-caminando-juntos-hacia-el-exito-escolar\/"}],"_links":{"self":[{"href":"https:\/\/esperanzaunited.org\/es\/wp-json\/wp\/v2\/posts\/39974","targetHints":{"allow":["GET"]}}],"collection":[{"href":"https:\/\/esperanzaunited.org\/es\/wp-json\/wp\/v2\/posts"}],"about":[{"href":"https:\/\/esperanzaunited.org\/es\/wp-json\/wp\/v2\/types\/post"}],"author":[{"embeddable":true,"href":"https:\/\/esperanzaunited.org\/es\/wp-json\/wp\/v2\/users\/19"}],"replies":[{"embeddable":true,"href":"https:\/\/esperanzaunited.org\/es\/wp-json\/wp\/v2\/comments?post=39974"}],"version-history":[{"count":4,"href":"https:\/\/esperanzaunited.org\/es\/wp-json\/wp\/v2\/posts\/39974\/revisions"}],"predecessor-version":[{"id":39978,"href":"https:\/\/esperanzaunited.org\/es\/wp-json\/wp\/v2\/posts\/39974\/revisions\/39978"}],"wp:featuredmedia":[{"embeddable":true,"href":"https:\/\/esperanzaunited.org\/es\/wp-json\/wp\/v2\/media\/39969"}],"wp:attachment":[{"href":"https:\/\/esperanzaunited.org\/es\/wp-json\/wp\/v2\/media?parent=39974"}],"wp:term":[{"taxonomy":"category","embeddable":true,"href":"https:\/\/esperanzaunited.org\/es\/wp-json\/wp\/v2\/categories?post=39974"},{"taxonomy":"post_tag","embeddable":true,"href":"https:\/\/esperanzaunited.org\/es\/wp-json\/wp\/v2\/tags?post=39974"}],"curies":[{"name":"wp","href":"https:\/\/api.w.org\/{rel}","templated":true}]}}