
{"id":39986,"date":"2026-09-01T18:48:28","date_gmt":"2026-09-01T23:48:28","guid":{"rendered":"https:\/\/esperanzaunited.org\/?p=39986"},"modified":"2026-09-01T18:50:24","modified_gmt":"2026-09-01T23:50:24","slug":"mas-alla-del-podio-el-equipo-de-advocacy-hablo-durante-90-minutos-sobre-incidencia-legislativa-informada-por-el-trauma","status":"publish","type":"post","link":"https:\/\/esperanzaunited.org\/es\/mas-alla-del-podio-el-equipo-de-advocacy-hablo-durante-90-minutos-sobre-incidencia-legislativa-informada-por-el-trauma\/","title":{"rendered":"M\u00e1s all\u00e1 del podio: El equipo de Advocacy hablo durante 90 minutos sobre incidencia legislativa informada por el trauma"},"content":{"rendered":"\t\t<div data-elementor-type=\"wp-post\" data-elementor-id=\"39986\" class=\"elementor elementor-39986\">\n\t\t\t\t\t\t<section class=\"elementor-section elementor-top-section elementor-element elementor-element-18e6070 elementor-section-boxed elementor-section-height-default elementor-section-height-default\" data-id=\"18e6070\" data-element_type=\"section\" data-e-type=\"section\">\n\t\t\t\t\t\t<div class=\"elementor-container elementor-column-gap-default\">\n\t\t\t\t\t<div class=\"elementor-column elementor-col-100 elementor-top-column elementor-element elementor-element-b1c43b2\" data-id=\"b1c43b2\" data-element_type=\"column\" data-e-type=\"column\">\n\t\t\t<div class=\"elementor-widget-wrap elementor-element-populated\">\n\t\t\t\t\t\t<div class=\"elementor-element elementor-element-b3f6416 elementor-widget elementor-widget-text-editor\" data-id=\"b3f6416\" data-element_type=\"widget\" data-e-type=\"widget\" data-widget_type=\"text-editor.default\">\n\t\t\t\t<div class=\"elementor-widget-container\">\n\t\t\t\t\t\t\t\t\t<p>Nuestro gobierno se construye sobre la promesa de que las personas que elegimos para representarnos conozcan y comprendan nuestras necesidades. Las leyes sobre educaci\u00f3n deber\u00edan contar con las perspectivas de docentes. Una ley sobre beneficios para veteranos deber\u00eda construirse escuchando las voces de los propios veteranos. De la misma manera, tiene sentido que las pol\u00edticas creadas para apoyar a sobrevivientes de violencia sexual tengan como centro sus experiencias y realidades, y que sus historias ayuden a orientar las decisiones de quienes les representan en el Congreso.<\/p><p><strong>Pero \u00bfc\u00f3mo se ve esto en la pr\u00e1ctica?<\/strong><\/p><p>Como personas que trabajamos en incidencia pol\u00edtica, servimos como un puente de doble v\u00eda entre Washington y las personas sobrevivientes. \u00bfC\u00f3mo podemos ir m\u00e1s all\u00e1 de las buenas intenciones? \u00bfC\u00f3mo ofrecemos un acompa\u00f1amiento informado por el trauma a sobrevivientes que quieren contribuir a crear pol\u00edticas para evitar que otras personas pasen por lo que ellas vivieron, mientras contin\u00faan atravesando su propio trauma y duelo?<\/p><p>Tuve el honor de dirigir una sesi\u00f3n plenaria en la National Sexual Assault Conference para conversar precisamente sobre esto.<\/p><p>Estaba nerviosa cuando tom\u00e9 por primera vez el micr\u00f3fono en la conferencia, pero con el paso del tiempo casi olvid\u00e9 sentirme as\u00ed. Fue un verdadero privilegio y una alegr\u00eda compartir ese espacio con personas dedicadas a la incidencia pol\u00edtica, l\u00edderes de coaliciones y sobrevivientes que decidieron dedicar 90 minutos a conversar sobre c\u00f3mo llevar a la pr\u00e1ctica una incidencia pol\u00edtica verdaderamente centrada en las personas sobrevivientes.<\/p><p><strong>Cuando una persona sobreviviente quiere que su voz sea escuchada, \u00bfqu\u00e9 se interpone en el camino?<\/strong><\/p><p>Esa fue la pregunta que plante\u00e9 al grupo, y las respuestas fueron muy sinceras. Aprendimos que, m\u00e1s all\u00e1 de las fronteras estatales, los partidos pol\u00edticos y las diferentes comunidades, las personas sobrevivientes enfrentan muchos de los mismos obst\u00e1culos.<\/p><p><strong>Experiencias negativas anteriores.<\/strong> Con demasiada frecuencia, se invita a las personas sobrevivientes a participar como un s\u00edmbolo bien intencionado, en lugar de reconocerlas como una voz genuina con poder y capacidad de decisi\u00f3n. Muchas ya han intentado participar anteriormente y han terminado compartiendo los detalles m\u00e1s dolorosos de sus experiencias en un \u00fanico espacio p\u00fablico y de mucha presi\u00f3n: una audiencia, una reuni\u00f3n o un testimonio, sin una conversaci\u00f3n posterior, seguimiento o una relaci\u00f3n continua con la oficina para la cual se presentaron.<\/p><p>Cuando un proyecto de ley no avanz\u00f3 o el resultado no fue el que esperaban, all\u00ed termin\u00f3 tambi\u00e9n su participaci\u00f3n: una experiencia \u00fanica, traum\u00e1tica y sin resoluci\u00f3n. Cuando alzar la voz provoca m\u00e1s trauma sin producir el resultado esperado, esa experiencia puede convertirse en una raz\u00f3n completamente v\u00e1lida para no querer intentarlo nuevamente.<\/p><p><strong>Temor a volver a experimentar el trauma y a perder la privacidad.<\/strong> Volver a una experiencia dolorosa dentro de un espacio p\u00fablico y pol\u00edtico conlleva riesgos reales. En ocasiones, las personas sobrevivientes sienten presi\u00f3n para revelar m\u00e1s informaci\u00f3n de la que estaban preparadas para compartir o reciben preguntas insensibles. Algunas deciden mantener su experiencia en privado para evitar posibles repercusiones dentro de sus familias o comunidades. Revelar p\u00fablicamente que alguien es sobreviviente sin su consentimiento informado puede causar m\u00e1s da\u00f1o que beneficio.<\/p><p><strong>Barreras de acceso.<\/strong> Para muchas personas sobrevivientes, poder participar es el primer obst\u00e1culo. El cuidado infantil, el transporte y la posibilidad de ausentarse del trabajo son limitaciones reales que los espacios de incidencia pol\u00edtica no siempre toman en cuenta. Para quienes atraviesan este proceso en un segundo idioma, o sin alguien que pueda explicarles c\u00f3mo funciona, el sistema puede parecer completamente fuera de su alcance. A veces, no saber a qui\u00e9n llamar es suficiente para que una persona se detenga antes de comenzar.<\/p><p><strong>Lo que estamos haciendo al respecto<\/strong><\/p><p>Lamentablemente, nuestro equipo de pol\u00edtica p\u00fablica ha observado estos mismos obst\u00e1culos. Durante la sesi\u00f3n, tuve la oportunidad de compartir nuestro proceso, lo que hemos aprendido y los resultados de nuestros esfuerzos durante el \u00faltimo a\u00f1o para reducir riesgos y apoyar a las personas sobrevivientes para que puedan tomar decisiones informadas sobre su participaci\u00f3n.<\/p><p>En 2025, lanzamos nuestra primera Semana de Acci\u00f3n ante el Congreso para conectar directamente a sobrevivientes Latin@s e inmigrantes con sus representantes federales.<\/p><p>Desde el comienzo, nos aseguramos de que cada persona supiera que ten\u00eda opciones. Pod\u00eda hablar de manera general sobre otras personas sobrevivientes que conoc\u00eda, participar simplemente como integrante de su comunidad o presentarse y comenzar a construir una relaci\u00f3n con la oficina de su representante. En ocasiones, una pregunta poco informada de un miembro del personal legislativo se convirti\u00f3 en una oportunidad para explicar qu\u00e9 necesitan realmente las personas sobrevivientes de su distrito.<\/p><p>Todas estas son formas v\u00e1lidas de incidencia. Todas importan.<\/p><p>Antes de cada reuni\u00f3n, acompa\u00f1amos a las personas sobrevivientes para que supieran qu\u00e9 esperar: c\u00f3mo se desarrolla una reuni\u00f3n, que el personal legislativo trabaja para escuchar y responder a las personas de su distrito, y que sentir ansiedad no significa que alguien no est\u00e9 preparado. Puede significar que lo que est\u00e1 haciendo realmente le importa.<\/p><p>Tambi\u00e9n acompa\u00f1amos a las personas sobrevivientes durante sus reuniones virtuales, preparadas para intervenir si alguna pregunta resultaba insensible o desviaba la conversaci\u00f3n. Al finalizar la semana, nos reunimos en un espacio al estilo de un cafecito para conversar sobre la experiencia y celebrar juntas.<\/p><p>Pero ese encuentro no fue el final.<\/p><p>En 2026, lanzamos el primer Consejo de Sobrevivientes de Esperanza United, integrado por cuatro personas sobrevivientes que participan como consultoras y cuyas experiencias ayudan a que el trabajo de nuestro equipo de pol\u00edtica p\u00fablica se mantenga genuinamente centrado en las personas sobrevivientes.<\/p><p>Una de las participantes de la Semana de Acci\u00f3n de 2025 forma ahora parte del Consejo, precisamente el tipo de relaci\u00f3n continua que buscamos construir a trav\u00e9s de este trabajo.<\/p><p>Actualmente, las integrantes del Consejo est\u00e1n recibiendo capacitaci\u00f3n para que ellas mismas puedan dirigir sesiones de <em>Policy Advocacy 101<\/em>, llevando este conocimiento directamente a sus comunidades y ayudando a garantizar que las personas m\u00e1s afectadas por estas pol\u00edticas tambi\u00e9n contribuyan a definir c\u00f3mo otras personas aprenden a incidir por ellas.<\/p><p><strong>Llevando este aprendizaje con nosotras<\/strong><\/p><p>Escuchar sobre las cargas que llevan las personas sobrevivientes en distintas partes del pa\u00eds fue abrumador. Sin embargo, al terminar la sesi\u00f3n, ese peso hab\u00eda dado paso a un profundo sentimiento de gratitud.<\/p><p>Estaba en una sala llena de profesionales comprometidos y reflexivos, creando caminos y construyendo puentes para que m\u00e1s sobrevivientes puedan participar. Y sal\u00ed con la certeza de que, con personas dedicadas a este trabajo en diferentes estados y comunidades, cada a\u00f1o m\u00e1s sobrevivientes est\u00e1n contribuyendo a dar forma a las pol\u00edticas que afectan sus vidas.<\/p><p>Dej\u00e9 el micr\u00f3fono con un sentido renovado de prop\u00f3sito.<\/p><p>Nos llevamos esperanza, aprendizajes de nuestras colegas y una nueva motivaci\u00f3n para continuar este trabajo en Washington, D.C., Minnesota, Texas, Nuevo M\u00e9xico, Colorado, Arizona y muchos otros lugares.<\/p><p><strong><em>Mary Lu Schmid<\/em><\/strong><br \/><em><strong>Coordinadora de Pol\u00edtica P\u00fablica, Esperanza United<\/strong><\/em><\/p>\t\t\t\t\t\t\t\t<\/div>\n\t\t\t\t<\/div>\n\t\t\t\t<div class=\"elementor-element elementor-element-e55f73a elementor-widget elementor-widget-text-editor\" data-id=\"e55f73a\" data-element_type=\"widget\" data-e-type=\"widget\" data-widget_type=\"text-editor.default\">\n\t\t\t\t<div class=\"elementor-widget-container\">\n\t\t\t\t\t\t\t\t\t<h3><b><span data-contrast=\"auto\">Acerca de <\/span><\/b><b><span data-contrast=\"none\">Michael Dougherty<\/span><\/b><span data-ccp-props=\"{&quot;134233117&quot;:false,&quot;134233118&quot;:false,&quot;134245418&quot;:true,&quot;134245529&quot;:true,&quot;335559738&quot;:299,&quot;335559739&quot;:299}\">\u00a0<\/span><\/h3><p><em><b>Fiscal del condado de Boulder<\/b>\u00a0<\/em><\/p>\t\t\t\t\t\t\t\t<\/div>\n\t\t\t\t<\/div>\n\t\t\t\t<div class=\"elementor-element elementor-element-2d02d92 elementor-widget elementor-widget-text-editor\" data-id=\"2d02d92\" data-element_type=\"widget\" data-e-type=\"widget\" data-widget_type=\"text-editor.default\">\n\t\t\t\t<div class=\"elementor-widget-container\">\n\t\t\t\t\t\t\t\t\t<p><span data-contrast=\"none\">Michael Dougherty se ha desempe\u00f1ado como fiscal del condado de Boulder durante los \u00faltimos ocho a\u00f1os, donde ha construido una s\u00f3lida reputaci\u00f3n porsu liderazgo, compromiso con la rendici\u00f3n de cuentas y enfoque compasivo en la administraci\u00f3n de justicia.<\/span><span data-ccp-props=\"{&quot;134233117&quot;:false,&quot;134233118&quot;:false,&quot;335559738&quot;:240,&quot;335559739&quot;:240}\">\u00a0<\/span><\/p><p><span data-contrast=\"none\">Poco despu\u00e9s de mudarse a Colorado, dirigi\u00f3 la Secci\u00f3n de Justicia Penal de la Fiscal\u00eda General del estado, supervisando equipos encargados de investigarhomicidios, casos de corrupci\u00f3n p\u00fablica, fraude financiero, delitos ambientales y asuntos relacionados con la rendici\u00f3n de cuentas de las fuerzas del orden.<\/span><span data-ccp-props=\"{&quot;134233117&quot;:false,&quot;134233118&quot;:false,&quot;335559738&quot;:240,&quot;335559739&quot;:240}\">\u00a0<\/span><\/p><p><span data-contrast=\"none\">Al inicio de su carrera, trabaj\u00f3 durante m\u00e1s de una d\u00e9cada como fiscal en la Fiscal\u00eda de Manhattan, donde se especializ\u00f3 en delitos sexuales y homicidios. Con el tiempo, asumi\u00f3 un cargo de liderazgo ejecutivo supervisando a m\u00e1s de 1,300 integrantes del personal.<\/span><span data-ccp-props=\"{&quot;134233117&quot;:false,&quot;134233118&quot;:false,&quot;335559738&quot;:240,&quot;335559739&quot;:240}\">\u00a0<\/span><\/p><p><span data-contrast=\"none\">Con d\u00e9cadas de experiencia como fiscal, liderazgo demostrado tanto a nivel estatal como local y una trayectoria dedicada a hacer justicia en algunos de loscasos de mayor relevancia en Colorado, Michael aporta cada d\u00eda su experiencia, integridad y compromiso al servicio de las comunidades del estado.<\/span><span data-ccp-props=\"{&quot;134233117&quot;:false,&quot;134233118&quot;:false,&quot;335559738&quot;:240,&quot;335559739&quot;:240}\">\u00a0<\/span><\/p>\t\t\t\t\t\t\t\t<\/div>\n\t\t\t\t<\/div>\n\t\t\t\t\t<\/div>\n\t\t<\/div>\n\t\t\t\t\t<\/div>\n\t\t<\/section>\n\t\t\t\t<section class=\"elementor-section elementor-top-section elementor-element elementor-element-18083c8 elementor-section-boxed elementor-section-height-default elementor-section-height-default\" data-id=\"18083c8\" data-element_type=\"section\" data-e-type=\"section\">\n\t\t\t\t\t\t<div class=\"elementor-container elementor-column-gap-default\">\n\t\t\t\t\t<div class=\"elementor-column elementor-col-100 elementor-top-column elementor-element elementor-element-201b680\" data-id=\"201b680\" data-element_type=\"column\" data-e-type=\"column\">\n\t\t\t<div class=\"elementor-widget-wrap elementor-element-populated\">\n\t\t\t\t\t\t<div class=\"elementor-element elementor-element-1a35ce4 elementor-widget elementor-widget-video\" data-id=\"1a35ce4\" data-element_type=\"widget\" data-e-type=\"widget\" data-settings=\"{&quot;youtube_url&quot;:&quot;https:\\\/\\\/youtube.com\\\/shorts\\\/KrYKewGzH94&quot;,&quot;video_type&quot;:&quot;youtube&quot;,&quot;controls&quot;:&quot;yes&quot;}\" data-widget_type=\"video.default\">\n\t\t\t\t<div class=\"elementor-widget-container\">\n\t\t\t\t\t\t\t<div class=\"elementor-wrapper elementor-open-inline\">\n\t\t\t<div class=\"elementor-video\"><\/div>\t\t<\/div>\n\t\t\t\t\t\t<\/div>\n\t\t\t\t<\/div>\n\t\t\t\t\t<\/div>\n\t\t<\/div>\n\t\t\t\t\t<\/div>\n\t\t<\/section>\n\t\t\t\t<\/div>\n\t\t","protected":false},"excerpt":{"rendered":"<p>Nuestro gobierno se construye sobre la promesa de que las personas que elegimos para representarnos conozcan y comprendan nuestras necesidades. Las leyes sobre educaci\u00f3n deber\u00edan contar con las perspectivas de docentes. Una ley sobre beneficios para veteranos deber\u00eda construirse escuchando las voces de los propios veteranos. De la misma manera, tiene [&hellip;]<\/p>\n","protected":false},"author":19,"featured_media":39981,"comment_status":"closed","ping_status":"closed","sticky":false,"template":"","format":"standard","meta":{"_cbd_carousel_blocks":"[]","footnotes":""},"categories":[107],"tags":[100,102,99,103,176,182],"class_list":["post-39986","post","type-post","status-publish","format-standard","has-post-thumbnail","hentry","category-blog-es","tag-apoyo-a-las-familias","tag-entrenamientos-y-asistencia-tecnica","tag-gratis","tag-investigacion-y-evaluacion","tag-prevencion","tag-research-and-evaluation-2"],"aioseo_notices":[],"aioseo_head":"\n\t\t<!-- All in One SEO 5.0.1.1 - aioseo.com -->\n\t<meta name=\"description\" content=\"Nuestro gobierno se construye sobre la promesa de que las personas que elegimos para representarnos conozcan y comprendan nuestras necesidades. Las leyes sobre educaci\u00f3n deber\u00edan contar con las perspectivas de docentes. Una ley sobre beneficios para veteranos deber\u00eda construirse escuchando las voces de los propios veteranos. De la misma manera, tiene sentido que las pol\u00edticas\" \/>\n\t<meta name=\"robots\" content=\"max-image-preview:large\" \/>\n\t<meta name=\"author\" content=\"Silvana Domke\"\/>\n\t<link rel=\"canonical\" href=\"https:\/\/esperanzaunited.org\/es\/mas-alla-del-podio-el-equipo-de-advocacy-hablo-durante-90-minutos-sobre-incidencia-legislativa-informada-por-el-trauma\/\" \/>\n\t<meta name=\"generator\" content=\"All in One SEO (AIOSEO) 5.0.1.1\" \/>\n\n\t\t<!-- Google tag (gtag.js) -->\n<script async src=\"https:\/\/www.googletagmanager.com\/gtag\/js?id=G-SMTPZE0LGB\"><\/script>\n<script>\n  window.dataLayer = window.dataLayer || [];\n  function gtag(){dataLayer.push(arguments);}\n  gtag('js', new Date());\n\n  gtag('config', 'G-SMTPZE0LGB');\n<\/script>\n\t\t<meta property=\"og:locale\" content=\"es_ES\" \/>\n\t\t<meta property=\"og:site_name\" content=\"Esperanza United - Mobilizing Latinas and Latin@ communities to end domestic violence\" \/>\n\t\t<meta property=\"og:type\" content=\"article\" \/>\n\t\t<meta property=\"og:title\" content=\"M\u00e1s all\u00e1 del podio: El equipo de Advocacy hablo durante 90 minutos sobre incidencia legislativa informada por el trauma - Esperanza United\" \/>\n\t\t<meta property=\"og:description\" content=\"Nuestro gobierno se construye sobre la promesa de que las personas que elegimos para representarnos conozcan y comprendan nuestras necesidades. Las leyes sobre educaci\u00f3n deber\u00edan contar con las perspectivas de docentes. Una ley sobre beneficios para veteranos deber\u00eda construirse escuchando las voces de los propios veteranos. De la misma manera, tiene sentido que las pol\u00edticas\" \/>\n\t\t<meta property=\"og:url\" content=\"https:\/\/esperanzaunited.org\/es\/mas-alla-del-podio-el-equipo-de-advocacy-hablo-durante-90-minutos-sobre-incidencia-legislativa-informada-por-el-trauma\/\" \/>\n\t\t<meta property=\"og:image\" content=\"https:\/\/esperanzaunited.org\/wp-content\/uploads\/2026\/09\/Wordpress-Image-Vivian-LIC-Eng-8.png\" \/>\n\t\t<meta property=\"og:image:secure_url\" content=\"https:\/\/esperanzaunited.org\/wp-content\/uploads\/2026\/09\/Wordpress-Image-Vivian-LIC-Eng-8.png\" \/>\n\t\t<meta property=\"og:image:width\" content=\"640\" \/>\n\t\t<meta property=\"og:image:height\" content=\"400\" \/>\n\t\t<meta property=\"article:published_time\" content=\"2026-09-01T23:48:28+00:00\" \/>\n\t\t<meta property=\"article:modified_time\" content=\"2026-09-01T23:50:24+00:00\" \/>\n\t\t<meta name=\"twitter:card\" content=\"summary\" \/>\n\t\t<meta name=\"twitter:title\" content=\"M\u00e1s all\u00e1 del podio: El equipo de Advocacy hablo durante 90 minutos sobre incidencia legislativa informada por el trauma - Esperanza United\" \/>\n\t\t<meta name=\"twitter:description\" content=\"Nuestro gobierno se construye sobre la promesa de que las personas que elegimos para representarnos conozcan y comprendan nuestras necesidades. Las leyes sobre educaci\u00f3n deber\u00edan contar con las perspectivas de docentes. Una ley sobre beneficios para veteranos deber\u00eda construirse escuchando las voces de los propios veteranos. De la misma manera, tiene sentido que las pol\u00edticas\" \/>\n\t\t<meta name=\"twitter:image\" content=\"https:\/\/esperanzaunited.org\/wp-content\/uploads\/2026\/09\/Wordpress-Image-Vivian-LIC-Eng-8.png\" \/>\n\t\t<script type=\"application\/ld+json\" class=\"aioseo-schema\">\n\t\t\t{\"@context\":\"https:\\\/\\\/schema.org\",\"@graph\":[{\"@type\":\"BlogPosting\",\"@id\":\"https:\\\/\\\/esperanzaunited.org\\\/es\\\/mas-alla-del-podio-el-equipo-de-advocacy-hablo-durante-90-minutos-sobre-incidencia-legislativa-informada-por-el-trauma\\\/#blogposting\",\"name\":\"M\\u00e1s all\\u00e1 del podio: El equipo de Advocacy hablo durante 90 minutos sobre incidencia legislativa informada por el trauma - Esperanza United\",\"headline\":\"M\\u00e1s all\\u00e1 del podio: El equipo de Advocacy hablo durante 90 minutos sobre incidencia legislativa informada por el trauma\",\"author\":{\"@id\":\"https:\\\/\\\/esperanzaunited.org\\\/es\\\/author\\\/silvana\\\/#author\"},\"publisher\":{\"@id\":\"https:\\\/\\\/esperanzaunited.org\\\/es\\\/#organization\"},\"image\":{\"@type\":\"ImageObject\",\"url\":\"https:\\\/\\\/esperanzaunited.org\\\/wp-content\\\/uploads\\\/2026\\\/09\\\/Wordpress-Image-Vivian-LIC-Eng-8.png\",\"width\":640,\"height\":400},\"datePublished\":\"2026-09-01T18:48:28-05:00\",\"dateModified\":\"2026-09-01T18:50:24-05:00\",\"inLanguage\":\"es-ES\",\"mainEntityOfPage\":{\"@id\":\"https:\\\/\\\/esperanzaunited.org\\\/es\\\/mas-alla-del-podio-el-equipo-de-advocacy-hablo-durante-90-minutos-sobre-incidencia-legislativa-informada-por-el-trauma\\\/#webpage\"},\"isPartOf\":{\"@id\":\"https:\\\/\\\/esperanzaunited.org\\\/es\\\/mas-alla-del-podio-el-equipo-de-advocacy-hablo-durante-90-minutos-sobre-incidencia-legislativa-informada-por-el-trauma\\\/#webpage\"},\"articleSection\":\"Blog, Apoyo a las familias, Entrenamientos y asistencia t\\u00e9cnica, Gratis, Investigaci\\u00f3n y evaluaci\\u00f3n, Prevenci\\u00f3n, Research and evaluation, Optional\"},{\"@type\":\"BreadcrumbList\",\"@id\":\"https:\\\/\\\/esperanzaunited.org\\\/es\\\/mas-alla-del-podio-el-equipo-de-advocacy-hablo-durante-90-minutos-sobre-incidencia-legislativa-informada-por-el-trauma\\\/#breadcrumblist\",\"itemListElement\":[{\"@type\":\"ListItem\",\"@id\":\"https:\\\/\\\/esperanzaunited.org\\\/es\\\/#listItem\",\"position\":1,\"name\":\"Home\",\"item\":\"https:\\\/\\\/esperanzaunited.org\\\/es\\\/\",\"nextItem\":{\"@type\":\"ListItem\",\"@id\":\"https:\\\/\\\/esperanzaunited.org\\\/es\\\/category\\\/blog-es\\\/#listItem\",\"name\":\"Blog\"}},{\"@type\":\"ListItem\",\"@id\":\"https:\\\/\\\/esperanzaunited.org\\\/es\\\/category\\\/blog-es\\\/#listItem\",\"position\":2,\"name\":\"Blog\",\"item\":\"https:\\\/\\\/esperanzaunited.org\\\/es\\\/category\\\/blog-es\\\/\",\"nextItem\":{\"@type\":\"ListItem\",\"@id\":\"https:\\\/\\\/esperanzaunited.org\\\/es\\\/mas-alla-del-podio-el-equipo-de-advocacy-hablo-durante-90-minutos-sobre-incidencia-legislativa-informada-por-el-trauma\\\/#listItem\",\"name\":\"M\\u00e1s all\\u00e1 del podio: El equipo de Advocacy hablo durante 90 minutos sobre incidencia legislativa informada por el trauma\"},\"previousItem\":{\"@type\":\"ListItem\",\"@id\":\"https:\\\/\\\/esperanzaunited.org\\\/es\\\/#listItem\",\"name\":\"Home\"}},{\"@type\":\"ListItem\",\"@id\":\"https:\\\/\\\/esperanzaunited.org\\\/es\\\/mas-alla-del-podio-el-equipo-de-advocacy-hablo-durante-90-minutos-sobre-incidencia-legislativa-informada-por-el-trauma\\\/#listItem\",\"position\":3,\"name\":\"M\\u00e1s all\\u00e1 del podio: El equipo de Advocacy hablo durante 90 minutos sobre incidencia legislativa informada por el trauma\",\"previousItem\":{\"@type\":\"ListItem\",\"@id\":\"https:\\\/\\\/esperanzaunited.org\\\/es\\\/category\\\/blog-es\\\/#listItem\",\"name\":\"Blog\"}}]},{\"@type\":\"Organization\",\"@id\":\"https:\\\/\\\/esperanzaunited.org\\\/es\\\/#organization\",\"name\":\"Esperanza United\",\"description\":\"Mobilizing Latinas and Latin@ communities to end domestic violence\",\"url\":\"https:\\\/\\\/esperanzaunited.org\\\/es\\\/\"},{\"@type\":\"Person\",\"@id\":\"https:\\\/\\\/esperanzaunited.org\\\/es\\\/author\\\/silvana\\\/#author\",\"url\":\"https:\\\/\\\/esperanzaunited.org\\\/es\\\/author\\\/silvana\\\/\",\"name\":\"Silvana Domke\",\"image\":{\"@type\":\"ImageObject\",\"@id\":\"https:\\\/\\\/esperanzaunited.org\\\/es\\\/mas-alla-del-podio-el-equipo-de-advocacy-hablo-durante-90-minutos-sobre-incidencia-legislativa-informada-por-el-trauma\\\/#authorImage\",\"url\":\"https:\\\/\\\/secure.gravatar.com\\\/avatar\\\/47556953cae2ea2d4ec8ad482b5108a0c7443d86e733ee799cd1a0a82ced8202?s=96&d=mm&r=g\",\"width\":96,\"height\":96,\"caption\":\"Silvana Domke\"}},{\"@type\":\"WebPage\",\"@id\":\"https:\\\/\\\/esperanzaunited.org\\\/es\\\/mas-alla-del-podio-el-equipo-de-advocacy-hablo-durante-90-minutos-sobre-incidencia-legislativa-informada-por-el-trauma\\\/#webpage\",\"url\":\"https:\\\/\\\/esperanzaunited.org\\\/es\\\/mas-alla-del-podio-el-equipo-de-advocacy-hablo-durante-90-minutos-sobre-incidencia-legislativa-informada-por-el-trauma\\\/\",\"name\":\"M\\u00e1s all\\u00e1 del podio: El equipo de Advocacy hablo durante 90 minutos sobre incidencia legislativa informada por el trauma - Esperanza United\",\"description\":\"Nuestro gobierno se construye sobre la promesa de que las personas que elegimos para representarnos conozcan y comprendan nuestras necesidades. Las leyes sobre educaci\\u00f3n deber\\u00edan contar con las perspectivas de docentes. Una ley sobre beneficios para veteranos deber\\u00eda construirse escuchando las voces de los propios veteranos. De la misma manera, tiene sentido que las pol\\u00edticas\",\"inLanguage\":\"es-ES\",\"isPartOf\":{\"@id\":\"https:\\\/\\\/esperanzaunited.org\\\/es\\\/#website\"},\"breadcrumb\":{\"@id\":\"https:\\\/\\\/esperanzaunited.org\\\/es\\\/mas-alla-del-podio-el-equipo-de-advocacy-hablo-durante-90-minutos-sobre-incidencia-legislativa-informada-por-el-trauma\\\/#breadcrumblist\"},\"author\":{\"@id\":\"https:\\\/\\\/esperanzaunited.org\\\/es\\\/author\\\/silvana\\\/#author\"},\"creator\":{\"@id\":\"https:\\\/\\\/esperanzaunited.org\\\/es\\\/author\\\/silvana\\\/#author\"},\"image\":{\"@type\":\"ImageObject\",\"url\":\"https:\\\/\\\/esperanzaunited.org\\\/wp-content\\\/uploads\\\/2026\\\/09\\\/Wordpress-Image-Vivian-LIC-Eng-8.png\",\"@id\":\"https:\\\/\\\/esperanzaunited.org\\\/es\\\/mas-alla-del-podio-el-equipo-de-advocacy-hablo-durante-90-minutos-sobre-incidencia-legislativa-informada-por-el-trauma\\\/#mainImage\",\"width\":640,\"height\":400},\"primaryImageOfPage\":{\"@id\":\"https:\\\/\\\/esperanzaunited.org\\\/es\\\/mas-alla-del-podio-el-equipo-de-advocacy-hablo-durante-90-minutos-sobre-incidencia-legislativa-informada-por-el-trauma\\\/#mainImage\"},\"datePublished\":\"2026-09-01T18:48:28-05:00\",\"dateModified\":\"2026-09-01T18:50:24-05:00\"},{\"@type\":\"WebSite\",\"@id\":\"https:\\\/\\\/esperanzaunited.org\\\/es\\\/#website\",\"url\":\"https:\\\/\\\/esperanzaunited.org\\\/es\\\/\",\"name\":\"Esperanza United\",\"description\":\"Mobilizing Latinas and Latin@ communities to end domestic violence\",\"inLanguage\":\"es-ES\",\"publisher\":{\"@id\":\"https:\\\/\\\/esperanzaunited.org\\\/es\\\/#organization\"}}]}\n\t\t<\/script>\n\t\t<!-- All in One SEO -->\n\n","aioseo_head_json":{"title":"M\u00e1s all\u00e1 del podio: El equipo de Advocacy hablo durante 90 minutos sobre incidencia legislativa informada por el trauma - Esperanza United","description":"Nuestro gobierno se construye sobre la promesa de que las personas que elegimos para representarnos conozcan y comprendan nuestras necesidades. Las leyes sobre educaci\u00f3n deber\u00edan contar con las perspectivas de docentes. Una ley sobre beneficios para veteranos deber\u00eda construirse escuchando las voces de los propios veteranos. De la misma manera, tiene sentido que las pol\u00edticas","canonical_url":"https:\/\/esperanzaunited.org\/es\/mas-alla-del-podio-el-equipo-de-advocacy-hablo-durante-90-minutos-sobre-incidencia-legislativa-informada-por-el-trauma\/","robots":"max-image-preview:large","keywords":"","webmasterTools":{"miscellaneous":"&lt;!-- Google tag (gtag.js) --&gt;\n&lt;script async src=\"https:\/\/www.googletagmanager.com\/gtag\/js?id=G-SMTPZE0LGB\"&gt;&lt;\/script&gt;\n&lt;script&gt;\n  window.dataLayer = window.dataLayer || [];\n  function gtag(){dataLayer.push(arguments);}\n  gtag('js', new Date());\n\n  gtag('config', 'G-SMTPZE0LGB');\n&lt;\/script&gt;"},"schema":{"@context":"https:\/\/schema.org","@graph":[{"@type":"BlogPosting","@id":"https:\/\/esperanzaunited.org\/es\/mas-alla-del-podio-el-equipo-de-advocacy-hablo-durante-90-minutos-sobre-incidencia-legislativa-informada-por-el-trauma\/#blogposting","name":"M\u00e1s all\u00e1 del podio: El equipo de Advocacy hablo durante 90 minutos sobre incidencia legislativa informada por el trauma - Esperanza United","headline":"M\u00e1s all\u00e1 del podio: El equipo de Advocacy hablo durante 90 minutos sobre incidencia legislativa informada por el trauma","author":{"@id":"https:\/\/esperanzaunited.org\/es\/author\/silvana\/#author"},"publisher":{"@id":"https:\/\/esperanzaunited.org\/es\/#organization"},"image":{"@type":"ImageObject","url":"https:\/\/esperanzaunited.org\/wp-content\/uploads\/2026\/09\/Wordpress-Image-Vivian-LIC-Eng-8.png","width":640,"height":400},"datePublished":"2026-09-01T18:48:28-05:00","dateModified":"2026-09-01T18:50:24-05:00","inLanguage":"es-ES","mainEntityOfPage":{"@id":"https:\/\/esperanzaunited.org\/es\/mas-alla-del-podio-el-equipo-de-advocacy-hablo-durante-90-minutos-sobre-incidencia-legislativa-informada-por-el-trauma\/#webpage"},"isPartOf":{"@id":"https:\/\/esperanzaunited.org\/es\/mas-alla-del-podio-el-equipo-de-advocacy-hablo-durante-90-minutos-sobre-incidencia-legislativa-informada-por-el-trauma\/#webpage"},"articleSection":"Blog, Apoyo a las familias, Entrenamientos y asistencia t\u00e9cnica, Gratis, Investigaci\u00f3n y evaluaci\u00f3n, Prevenci\u00f3n, Research and evaluation, Optional"},{"@type":"BreadcrumbList","@id":"https:\/\/esperanzaunited.org\/es\/mas-alla-del-podio-el-equipo-de-advocacy-hablo-durante-90-minutos-sobre-incidencia-legislativa-informada-por-el-trauma\/#breadcrumblist","itemListElement":[{"@type":"ListItem","@id":"https:\/\/esperanzaunited.org\/es\/#listItem","position":1,"name":"Home","item":"https:\/\/esperanzaunited.org\/es\/","nextItem":{"@type":"ListItem","@id":"https:\/\/esperanzaunited.org\/es\/category\/blog-es\/#listItem","name":"Blog"}},{"@type":"ListItem","@id":"https:\/\/esperanzaunited.org\/es\/category\/blog-es\/#listItem","position":2,"name":"Blog","item":"https:\/\/esperanzaunited.org\/es\/category\/blog-es\/","nextItem":{"@type":"ListItem","@id":"https:\/\/esperanzaunited.org\/es\/mas-alla-del-podio-el-equipo-de-advocacy-hablo-durante-90-minutos-sobre-incidencia-legislativa-informada-por-el-trauma\/#listItem","name":"M\u00e1s all\u00e1 del podio: El equipo de Advocacy hablo durante 90 minutos sobre incidencia legislativa informada por el trauma"},"previousItem":{"@type":"ListItem","@id":"https:\/\/esperanzaunited.org\/es\/#listItem","name":"Home"}},{"@type":"ListItem","@id":"https:\/\/esperanzaunited.org\/es\/mas-alla-del-podio-el-equipo-de-advocacy-hablo-durante-90-minutos-sobre-incidencia-legislativa-informada-por-el-trauma\/#listItem","position":3,"name":"M\u00e1s all\u00e1 del podio: El equipo de Advocacy hablo durante 90 minutos sobre incidencia legislativa informada por el trauma","previousItem":{"@type":"ListItem","@id":"https:\/\/esperanzaunited.org\/es\/category\/blog-es\/#listItem","name":"Blog"}}]},{"@type":"Organization","@id":"https:\/\/esperanzaunited.org\/es\/#organization","name":"Esperanza United","description":"Mobilizing Latinas and Latin@ communities to end domestic violence","url":"https:\/\/esperanzaunited.org\/es\/"},{"@type":"Person","@id":"https:\/\/esperanzaunited.org\/es\/author\/silvana\/#author","url":"https:\/\/esperanzaunited.org\/es\/author\/silvana\/","name":"Silvana Domke","image":{"@type":"ImageObject","@id":"https:\/\/esperanzaunited.org\/es\/mas-alla-del-podio-el-equipo-de-advocacy-hablo-durante-90-minutos-sobre-incidencia-legislativa-informada-por-el-trauma\/#authorImage","url":"https:\/\/secure.gravatar.com\/avatar\/47556953cae2ea2d4ec8ad482b5108a0c7443d86e733ee799cd1a0a82ced8202?s=96&d=mm&r=g","width":96,"height":96,"caption":"Silvana Domke"}},{"@type":"WebPage","@id":"https:\/\/esperanzaunited.org\/es\/mas-alla-del-podio-el-equipo-de-advocacy-hablo-durante-90-minutos-sobre-incidencia-legislativa-informada-por-el-trauma\/#webpage","url":"https:\/\/esperanzaunited.org\/es\/mas-alla-del-podio-el-equipo-de-advocacy-hablo-durante-90-minutos-sobre-incidencia-legislativa-informada-por-el-trauma\/","name":"M\u00e1s all\u00e1 del podio: El equipo de Advocacy hablo durante 90 minutos sobre incidencia legislativa informada por el trauma - Esperanza United","description":"Nuestro gobierno se construye sobre la promesa de que las personas que elegimos para representarnos conozcan y comprendan nuestras necesidades. Las leyes sobre educaci\u00f3n deber\u00edan contar con las perspectivas de docentes. Una ley sobre beneficios para veteranos deber\u00eda construirse escuchando las voces de los propios veteranos. De la misma manera, tiene sentido que las pol\u00edticas","inLanguage":"es-ES","isPartOf":{"@id":"https:\/\/esperanzaunited.org\/es\/#website"},"breadcrumb":{"@id":"https:\/\/esperanzaunited.org\/es\/mas-alla-del-podio-el-equipo-de-advocacy-hablo-durante-90-minutos-sobre-incidencia-legislativa-informada-por-el-trauma\/#breadcrumblist"},"author":{"@id":"https:\/\/esperanzaunited.org\/es\/author\/silvana\/#author"},"creator":{"@id":"https:\/\/esperanzaunited.org\/es\/author\/silvana\/#author"},"image":{"@type":"ImageObject","url":"https:\/\/esperanzaunited.org\/wp-content\/uploads\/2026\/09\/Wordpress-Image-Vivian-LIC-Eng-8.png","@id":"https:\/\/esperanzaunited.org\/es\/mas-alla-del-podio-el-equipo-de-advocacy-hablo-durante-90-minutos-sobre-incidencia-legislativa-informada-por-el-trauma\/#mainImage","width":640,"height":400},"primaryImageOfPage":{"@id":"https:\/\/esperanzaunited.org\/es\/mas-alla-del-podio-el-equipo-de-advocacy-hablo-durante-90-minutos-sobre-incidencia-legislativa-informada-por-el-trauma\/#mainImage"},"datePublished":"2026-09-01T18:48:28-05:00","dateModified":"2026-09-01T18:50:24-05:00"},{"@type":"WebSite","@id":"https:\/\/esperanzaunited.org\/es\/#website","url":"https:\/\/esperanzaunited.org\/es\/","name":"Esperanza United","description":"Mobilizing Latinas and Latin@ communities to end domestic violence","inLanguage":"es-ES","publisher":{"@id":"https:\/\/esperanzaunited.org\/es\/#organization"}}]},"og:locale":"es_ES","og:site_name":"Esperanza United - Mobilizing Latinas and Latin@ communities to end domestic violence","og:type":"article","og:title":"M\u00e1s all\u00e1 del podio: El equipo de Advocacy hablo durante 90 minutos sobre incidencia legislativa informada por el trauma - Esperanza United","og:description":"Nuestro gobierno se construye sobre la promesa de que las personas que elegimos para representarnos conozcan y comprendan nuestras necesidades. Las leyes sobre educaci\u00f3n deber\u00edan contar con las perspectivas de docentes. Una ley sobre beneficios para veteranos deber\u00eda construirse escuchando las voces de los propios veteranos. De la misma manera, tiene sentido que las pol\u00edticas","og:url":"https:\/\/esperanzaunited.org\/es\/mas-alla-del-podio-el-equipo-de-advocacy-hablo-durante-90-minutos-sobre-incidencia-legislativa-informada-por-el-trauma\/","og:image":"https:\/\/esperanzaunited.org\/wp-content\/uploads\/2026\/09\/Wordpress-Image-Vivian-LIC-Eng-8.png","og:image:secure_url":"https:\/\/esperanzaunited.org\/wp-content\/uploads\/2026\/09\/Wordpress-Image-Vivian-LIC-Eng-8.png","og:image:width":640,"og:image:height":400,"article:published_time":"2026-09-01T23:48:28+00:00","article:modified_time":"2026-09-01T23:50:24+00:00","twitter:card":"summary","twitter:title":"M\u00e1s all\u00e1 del podio: El equipo de Advocacy hablo durante 90 minutos sobre incidencia legislativa informada por el trauma - Esperanza United","twitter:description":"Nuestro gobierno se construye sobre la promesa de que las personas que elegimos para representarnos conozcan y comprendan nuestras necesidades. Las leyes sobre educaci\u00f3n deber\u00edan contar con las perspectivas de docentes. Una ley sobre beneficios para veteranos deber\u00eda construirse escuchando las voces de los propios veteranos. De la misma manera, tiene sentido que las pol\u00edticas","twitter:image":"https:\/\/esperanzaunited.org\/wp-content\/uploads\/2026\/09\/Wordpress-Image-Vivian-LIC-Eng-8.png"},"aioseo_meta_data":{"post_id":"39986","title":null,"description":null,"keywords":null,"keyphrases":{"focus":{"keyphrase":"","score":0,"analysis":{"keyphraseInTitle":{"score":0,"maxScore":9,"error":1}}},"additional":[]},"primary_term":null,"canonical_url":null,"og_title":null,"og_description":null,"og_object_type":"default","og_image_type":"default","og_image_url":null,"og_image_width":null,"og_image_height":null,"og_image_custom_url":null,"og_image_custom_fields":null,"og_video":"","og_custom_url":null,"og_article_section":null,"og_article_tags":null,"twitter_use_og":false,"twitter_card":"default","twitter_image_type":"default","twitter_image_url":null,"twitter_image_custom_url":null,"twitter_image_custom_fields":null,"twitter_title":null,"twitter_description":null,"schema":{"blockGraphs":[],"customGraphs":[],"default":{"data":{"Article":[],"Course":[],"Dataset":[],"FAQPage":[],"Movie":[],"Person":[],"Product":[],"ProductReview":[],"Car":[],"Recipe":[],"Service":[],"SoftwareApplication":[],"WebPage":[]},"graphName":"BlogPosting","isEnabled":true},"graphs":[]},"schema_type":"default","schema_type_options":null,"pillar_content":false,"robots_default":true,"robots_noindex":false,"robots_noarchive":false,"robots_nosnippet":false,"robots_nofollow":false,"robots_noimageindex":false,"robots_noodp":false,"robots_notranslate":false,"robots_max_snippet":"-1","robots_max_videopreview":"-1","robots_max_imagepreview":"large","priority":null,"frequency":"default","local_seo":null,"breadcrumb_settings":null,"limit_modified_date":false,"ai":{"faqs":[],"keyPoints":[],"schemas":[],"titles":[],"descriptions":[],"socialPosts":{"email":{"subject":"","preview":"","content":""},"linkedin":[],"twitter":[],"facebook":[],"instagram":[]}},"created":"2026-09-01 23:47:18","updated":"2026-09-02 00:51:44","seo_analyzer_scan_date":null,"focus_keyword":null,"additional_keywords":null,"truseo_locale":null},"aioseo_breadcrumb":"<div class=\"aioseo-breadcrumbs\"><span class=\"aioseo-breadcrumb\">\n\t\t\t<a href=\"https:\/\/esperanzaunited.org\/es\/\" title=\"Home\">Home<\/a>\n\t\t<\/span><span class=\"aioseo-breadcrumb-separator\">&raquo;<\/span><span class=\"aioseo-breadcrumb\">\n\t\t\t<a href=\"https:\/\/esperanzaunited.org\/es\/category\/blog-es\/\" title=\"Blog\">Blog<\/a>\n\t\t<\/span><span class=\"aioseo-breadcrumb-separator\">&raquo;<\/span><span class=\"aioseo-breadcrumb\">\n\t\t\tM\u00e1s all\u00e1 del podio: El equipo de Advocacy hablo durante 90 minutos sobre incidencia legislativa informada por el trauma\n\t\t<\/span><\/div>","aioseo_breadcrumb_json":[{"label":"Home","link":"https:\/\/esperanzaunited.org\/es\/"},{"label":"Blog","link":"https:\/\/esperanzaunited.org\/es\/category\/blog-es\/"},{"label":"M\u00e1s all\u00e1 del podio: El equipo de Advocacy hablo durante 90 minutos sobre incidencia legislativa informada por el trauma","link":"https:\/\/esperanzaunited.org\/es\/mas-alla-del-podio-el-equipo-de-advocacy-hablo-durante-90-minutos-sobre-incidencia-legislativa-informada-por-el-trauma\/"}],"_links":{"self":[{"href":"https:\/\/esperanzaunited.org\/es\/wp-json\/wp\/v2\/posts\/39986","targetHints":{"allow":["GET"]}}],"collection":[{"href":"https:\/\/esperanzaunited.org\/es\/wp-json\/wp\/v2\/posts"}],"about":[{"href":"https:\/\/esperanzaunited.org\/es\/wp-json\/wp\/v2\/types\/post"}],"author":[{"embeddable":true,"href":"https:\/\/esperanzaunited.org\/es\/wp-json\/wp\/v2\/users\/19"}],"replies":[{"embeddable":true,"href":"https:\/\/esperanzaunited.org\/es\/wp-json\/wp\/v2\/comments?post=39986"}],"version-history":[{"count":4,"href":"https:\/\/esperanzaunited.org\/es\/wp-json\/wp\/v2\/posts\/39986\/revisions"}],"predecessor-version":[{"id":39990,"href":"https:\/\/esperanzaunited.org\/es\/wp-json\/wp\/v2\/posts\/39986\/revisions\/39990"}],"wp:featuredmedia":[{"embeddable":true,"href":"https:\/\/esperanzaunited.org\/es\/wp-json\/wp\/v2\/media\/39981"}],"wp:attachment":[{"href":"https:\/\/esperanzaunited.org\/es\/wp-json\/wp\/v2\/media?parent=39986"}],"wp:term":[{"taxonomy":"category","embeddable":true,"href":"https:\/\/esperanzaunited.org\/es\/wp-json\/wp\/v2\/categories?post=39986"},{"taxonomy":"post_tag","embeddable":true,"href":"https:\/\/esperanzaunited.org\/es\/wp-json\/wp\/v2\/tags?post=39986"}],"curies":[{"name":"wp","href":"https:\/\/api.w.org\/{rel}","templated":true}]}}